{"id":571,"date":"2015-06-16T11:01:02","date_gmt":"2015-06-16T15:01:02","guid":{"rendered":"https:\/\/www.marecettesante.com\/?p=571"},"modified":"2017-01-18T12:08:35","modified_gmt":"2017-01-18T17:08:35","slug":"radis-jour-16-bruschetta-de-radis-avocat","status":"publish","type":"post","link":"https:\/\/www.marecettesante.com\/blog\/radis-jour-16-bruschetta-de-radis-avocat\/","title":{"rendered":"Radis &#8211; Jour 16 : Bruschetta de radis et avocat"},"content":{"rendered":"<p>&nbsp;<\/p>\n<p>Comme entr\u00c3\u00a9e, collation ou repas tr\u00c3\u00a8s l\u00c3\u00a9ger, cette recette saura combler les petites fringales. Mariant des saveurs piquantes, douces et sal\u00c3\u00a9es, ce bruschetta de radis vous surprendra et vous en redemanderez!<\/p>\n<p>&nbsp;<\/p>\n<h1>Radis<\/h1>\n<p>&nbsp;<\/p>\n<p><a href=\"https:\/\/www.marecettesante.com\/blog\/wp-content\/uploads\/2015\/06\/radis-recette-sante-defi-legumes-21-jours.jpg\"><img loading=\"lazy\" decoding=\"async\" class=\"  wp-image-572 alignright\" src=\"https:\/\/www.marecettesante.com\/blog\/wp-content\/uploads\/2015\/06\/radis-recette-sante-defi-legumes-21-jours-513x400.jpg\" alt=\"radis-recette-sante-defi-legumes-21-jours\" width=\"412\" height=\"321\" srcset=\"https:\/\/www.marecettesante.com\/blog\/wp-content\/uploads\/2015\/06\/radis-recette-sante-defi-legumes-21-jours-513x400.jpg 513w, https:\/\/www.marecettesante.com\/blog\/wp-content\/uploads\/2015\/06\/radis-recette-sante-defi-legumes-21-jours.jpg 600w\" sizes=\"auto, (max-width: 412px) 100vw, 412px\" \/><\/a><\/p>\n<h4>Bienfaits<\/h4>\n<p>Le radis, l\u00c3\u00a9gume au go\u00c3\u00bbt l\u00c3\u00a9g\u00c3\u00a8rement piquant, aide \u00c3\u00a0 pr\u00c3\u00a9venir certains cancers par sa bonne concentration d\u00e2\u20ac\u2122antioxydants. Comme les autres membres de sa famille, les crucif\u00c3\u00a8res, le radis aide aussi \u00c3\u00a0 pr\u00c3\u00a9venir des maladies cardiovasculaires. Tr\u00c3\u00a8s peu calorique, ce l\u00c3\u00a9gume est aussi une bonne source de vitamines C et de fibres. Ainsi, il participe \u00c3\u00a0 la d\u00c3\u00a9toxification du corps et du foie et aide au transit intestinal. Enfin, gr\u00c3\u00a2ce \u00c3\u00a0 tous ses min\u00c3\u00a9raux, le radis tonifie le syst\u00c3\u00a8me immunitaire.<\/p>\n<p>&nbsp;<\/p>\n<h4>Pr\u00c3\u00a9paration<\/h4>\n<p>Pour conserver tous ses nutriments, il est pr\u00c3\u00a9f\u00c3\u00a9rable de conserver la pelure. Attention de bien nettoyer le radis. Il est davantage consomm\u00c3\u00a9 cru, mais peut \u00c3\u00aatre aussi bon cuit.<\/p>\n<p>&nbsp;<\/p>\n<h4>Recette<\/h4>\n<h2>Bruschetta de radis, avocat et pissenlit<\/h2>\n<p>Portions\u00c2\u00a0: <strong>4<\/strong> \/ Pr\u00c3\u00a9paration\u00c2\u00a0: <strong>10 minutes<\/strong> \/ Cuisson\u00c2\u00a0: <strong>Aucune<\/strong><\/p>\n<p><span style=\"text-decoration: underline\">Ingr\u00c3\u00a9dients<\/span><\/p>\n<ul>\n<li>Bon pain<\/li>\n<li>Fromage \u00c3\u00a0 tartiner<\/li>\n<li>1 avocat<\/li>\n<li>1 botte de radis<\/li>\n<li>Du pissenlit (de l\u00e2\u20ac\u2122origan fera aussi tr\u00c3\u00a8s bien)<\/li>\n<li>2 c. \u00c3\u00a0 soupe et demie de vinaigre balsamique<\/li>\n<li>3 c. \u00c3\u00a0 soupe d\u00e2\u20ac\u2122huile d\u00e2\u20ac\u2122olive<\/li>\n<li>1 c. \u00c3\u00a0 soupe de miel<\/li>\n<li>1 pinc\u00c3\u00a9e de sel<\/li>\n<\/ul>\n<p><span style=\"text-decoration: underline\">\u00c3\u2030tapes<\/span><\/p>\n<ol>\n<li>Couper le pain en tranches et tartiner le fromage.<\/li>\n<li>Laver abondamment les radis et les trancher finement. Trancher \u00c3\u00a9galement l\u00e2\u20ac\u2122avocat en petites lani\u00c3\u00a8res. Les d\u00c3\u00a9poser sur les tranches de pain.<\/li>\n<li>Faire la vinaigrette avec l\u00e2\u20ac\u2122huile d\u00e2\u20ac\u2122olive, le vinaigre balsamique, le miel et le sel.<\/li>\n<li>Napper les tartinades avec la vinaigrette, puis parsemer de feuilles de pissenlit. Savourer imm\u00c3\u00a9diatement.<\/li>\n<\/ol>\n<p>&nbsp;<\/p>\n<h5 style=\"text-align: center\"><em><a href=\"https:\/\/www.marecettesante.com\/blog\/wp-content\/uploads\/2015\/06\/radis-fiche-defi-sante-21-legumes.pdf\"><img loading=\"lazy\" decoding=\"async\" class=\"alignnone size-full wp-image-574\" src=\"https:\/\/www.marecettesante.com\/blog\/wp-content\/uploads\/2015\/06\/radis-fiche-defi-sante-21-legumes-mini.jpg\" alt=\"radis-fiche-defi-sante-21-legumes-mini\" width=\"200\" height=\"259\" \/><\/a><\/em><\/h5>\n<h5 style=\"text-align: center\"><em>Vous trouverez ici le document PD<\/em><em>F \u00c3\u00a0 t\u00c3\u00a9l\u00c3\u00a9charger<br \/>\n<a href=\"https:\/\/www.marecettesante.com\/blog\/wp-content\/uploads\/2015\/06\/radis-fiche-defi-sante-21-legumes.pdf\">radis-fiche-defi-sante-21-legumes<\/a><br \/>\n<\/em><\/h5>\n<p>&nbsp;<\/p>\n<h6>Sources\u00c2\u00a0:<\/h6>\n<h6><a href=\"http:\/\/contesetdelices.com\/2015\/06\/bruschetta-radis-avocat-et-pissenlit\/\">http:\/\/contesetdelices.com\/2015\/06\/bruschetta-radis-avocat-et-pissenlit\/<br \/>\n<\/a><a href=\"http:\/\/www.passeportsante.net\/fr\/Nutrition\/EncyclopedieAliments\/Fiche.aspx?doc=radis_nu\">http:\/\/www.passeportsante.net\/fr\/Nutrition\/EncyclopedieAliments\/Fiche.aspx?doc=radis_nu<br \/>\n<\/a><a href=\"http:\/\/www.cuisineaz.ca\/dossiers\/cuisine\/bienfaits-radis-6501.aspx\">http:\/\/www.cuisineaz.ca\/dossiers\/cuisine\/bienfaits-radis-6501.aspx<br \/>\n<\/a><a href=\"http:\/\/lalimentationsante.com\/bienfaits-du-radis\/\">http:\/\/lalimentationsante.com\/bienfaits-du-radis\/<br \/>\n<\/a><a href=\"https:\/\/www.atelierdeschefs.fr\/fr\/ingredients-cuisine\/866-le-radis.php\">https:\/\/www.atelierdeschefs.fr\/fr\/ingredients-cuisine\/866-le-radis.php<\/a><\/h6>\n<p>&nbsp;<\/p>\n","protected":false},"excerpt":{"rendered":"<p>&nbsp; Comme entr\u00c3\u00a9e, collation ou repas tr\u00c3\u00a8s l\u00c3\u00a9ger, cette recette saura combler les petites fringales. Mariant des saveurs piquantes, douces et sal\u00c3\u00a9es, ce bruschetta de radis vous surprendra et vous en redemanderez! &nbsp; Radis &nbsp; Bienfaits Le radis, l\u00c3\u00a9gume au go\u00c3\u00bbt l\u00c3\u00a9g\u00c3\u00a8rement piquant, aide \u00c3\u00a0 pr\u00c3\u00a9venir certains cancers par sa bonne concentration d\u00e2\u20ac\u2122antioxydants. Comme les [&hellip;]<\/p>\n","protected":false},"author":4,"featured_media":572,"comment_status":"open","ping_status":"open","sticky":false,"template":"","format":"standard","meta":{"_et_pb_use_builder":"","_et_pb_old_content":"","_et_gb_content_width":"","footnotes":""},"categories":[384,4],"tags":[459,460,389,390,458,461],"class_list":["post-571","post","type-post","status-publish","format-standard","has-post-thumbnail","hentry","category-defi-sante-21-legumes","category-la-presse-sante","tag-bienfaits-radis","tag-bruschetta","tag-defi-sante","tag-defi-sante-21-legumes","tag-radis","tag-recette-radis"],"yoast_head":"<!-- This site is optimized with the Yoast SEO plugin v26.5 - https:\/\/yoast.com\/wordpress\/plugins\/seo\/ -->\n<title>Radis - Jour 16 : Bruschetta de radis et avocat - Ma Recette Sant\u00e9<\/title>\n<meta name=\"description\" content=\"Radis. Bienfaits. Le radis, l\u00c3\u00a9gume au go\u00c3\u00bbt l\u00c3\u00a9g\u00c3\u00a8rement piquant, aide \u00c3\u00a0 pr\u00c3\u00a9venir certains cancers par sa bonne concentration d\u00e2\u20ac\u2122antioxydants. Comme les...\" \/>\n<meta name=\"robots\" content=\"index, follow, max-snippet:-1, max-image-preview:large, max-video-preview:-1\" \/>\n<link rel=\"canonical\" href=\"https:\/\/www.marecettesante.com\/blog\/radis-jour-16-bruschetta-de-radis-avocat\/\" \/>\n<meta property=\"og:locale\" content=\"fr_FR\" \/>\n<meta property=\"og:type\" content=\"article\" \/>\n<meta property=\"og:title\" content=\"Radis - Jour 16 : Bruschetta de radis et avocat - Ma Recette Sant\u00e9\" \/>\n<meta property=\"og:description\" content=\"Radis. Bienfaits. Le radis, l\u00c3\u00a9gume au go\u00c3\u00bbt l\u00c3\u00a9g\u00c3\u00a8rement piquant, aide \u00c3\u00a0 pr\u00c3\u00a9venir certains cancers par sa bonne concentration d\u00e2\u20ac\u2122antioxydants. Comme les...\" \/>\n<meta property=\"og:url\" content=\"https:\/\/www.marecettesante.com\/blog\/radis-jour-16-bruschetta-de-radis-avocat\/\" \/>\n<meta property=\"og:site_name\" content=\"Ma Recette Sant\u00e9\" \/>\n<meta property=\"article:published_time\" content=\"2015-06-16T15:01:02+00:00\" \/>\n<meta property=\"article:modified_time\" content=\"2017-01-18T17:08:35+00:00\" \/>\n<meta property=\"og:image\" content=\"https:\/\/www.marecettesante.com\/blog\/wp-content\/uploads\/2015\/06\/radis-recette-sante-defi-legumes-21-jours.jpg\" \/>\n\t<meta property=\"og:image:width\" content=\"600\" \/>\n\t<meta property=\"og:image:height\" content=\"468\" \/>\n\t<meta property=\"og:image:type\" content=\"image\/jpeg\" \/>\n<meta name=\"author\" content=\"marecettesante\" \/>\n<meta name=\"twitter:label1\" content=\"\u00c9crit par\" \/>\n\t<meta name=\"twitter:data1\" content=\"marecettesante\" \/>\n\t<meta name=\"twitter:label2\" content=\"Dur\u00e9e de lecture estim\u00e9e\" \/>\n\t<meta name=\"twitter:data2\" content=\"2 minutes\" \/>\n<script type=\"application\/ld+json\" class=\"yoast-schema-graph\">{\"@context\":\"https:\/\/schema.org\",\"@graph\":[{\"@type\":\"WebPage\",\"@id\":\"https:\/\/www.marecettesante.com\/blog\/radis-jour-16-bruschetta-de-radis-avocat\/\",\"url\":\"https:\/\/www.marecettesante.com\/blog\/radis-jour-16-bruschetta-de-radis-avocat\/\",\"name\":\"Radis - Jour 16 : Bruschetta de radis et avocat - Ma Recette Sant\u00e9\",\"isPartOf\":{\"@id\":\"https:\/\/www.marecettesante.com\/blog\/#website\"},\"primaryImageOfPage\":{\"@id\":\"https:\/\/www.marecettesante.com\/blog\/radis-jour-16-bruschetta-de-radis-avocat\/#primaryimage\"},\"image\":{\"@id\":\"https:\/\/www.marecettesante.com\/blog\/radis-jour-16-bruschetta-de-radis-avocat\/#primaryimage\"},\"thumbnailUrl\":\"https:\/\/www.marecettesante.com\/blog\/wp-content\/uploads\/2015\/06\/radis-recette-sante-defi-legumes-21-jours.jpg\",\"datePublished\":\"2015-06-16T15:01:02+00:00\",\"dateModified\":\"2017-01-18T17:08:35+00:00\",\"author\":{\"@id\":\"https:\/\/www.marecettesante.com\/blog\/#\/schema\/person\/5cdaf51014787527b9e74e2f74d750a0\"},\"description\":\"Radis. Bienfaits. Le radis, l\u00c3\u00a9gume au go\u00c3\u00bbt l\u00c3\u00a9g\u00c3\u00a8rement piquant, aide \u00c3\u00a0 pr\u00c3\u00a9venir certains cancers par sa bonne concentration d\u00e2\u20ac\u2122antioxydants. Comme les...\",\"breadcrumb\":{\"@id\":\"https:\/\/www.marecettesante.com\/blog\/radis-jour-16-bruschetta-de-radis-avocat\/#breadcrumb\"},\"inLanguage\":\"fr-FR\",\"potentialAction\":[{\"@type\":\"ReadAction\",\"target\":[\"https:\/\/www.marecettesante.com\/blog\/radis-jour-16-bruschetta-de-radis-avocat\/\"]}]},{\"@type\":\"ImageObject\",\"inLanguage\":\"fr-FR\",\"@id\":\"https:\/\/www.marecettesante.com\/blog\/radis-jour-16-bruschetta-de-radis-avocat\/#primaryimage\",\"url\":\"https:\/\/www.marecettesante.com\/blog\/wp-content\/uploads\/2015\/06\/radis-recette-sante-defi-legumes-21-jours.jpg\",\"contentUrl\":\"https:\/\/www.marecettesante.com\/blog\/wp-content\/uploads\/2015\/06\/radis-recette-sante-defi-legumes-21-jours.jpg\",\"width\":600,\"height\":468},{\"@type\":\"BreadcrumbList\",\"@id\":\"https:\/\/www.marecettesante.com\/blog\/radis-jour-16-bruschetta-de-radis-avocat\/#breadcrumb\",\"itemListElement\":[{\"@type\":\"ListItem\",\"position\":1,\"name\":\"Accueil\",\"item\":\"https:\/\/www.marecettesante.com\/blog\/\"},{\"@type\":\"ListItem\",\"position\":2,\"name\":\"Radis &#8211; Jour 16 : Bruschetta de radis et avocat\"}]},{\"@type\":\"WebSite\",\"@id\":\"https:\/\/www.marecettesante.com\/blog\/#website\",\"url\":\"https:\/\/www.marecettesante.com\/blog\/\",\"name\":\"Ma Recette Sant\u00e9\",\"description\":\"Pour un bien-\u00eatre au quotidien\",\"potentialAction\":[{\"@type\":\"SearchAction\",\"target\":{\"@type\":\"EntryPoint\",\"urlTemplate\":\"https:\/\/www.marecettesante.com\/blog\/?s={search_term_string}\"},\"query-input\":{\"@type\":\"PropertyValueSpecification\",\"valueRequired\":true,\"valueName\":\"search_term_string\"}}],\"inLanguage\":\"fr-FR\"},{\"@type\":\"Person\",\"@id\":\"https:\/\/www.marecettesante.com\/blog\/#\/schema\/person\/5cdaf51014787527b9e74e2f74d750a0\",\"name\":\"marecettesante\",\"image\":{\"@type\":\"ImageObject\",\"inLanguage\":\"fr-FR\",\"@id\":\"https:\/\/www.marecettesante.com\/blog\/#\/schema\/person\/image\/\",\"url\":\"https:\/\/secure.gravatar.com\/avatar\/5387d433090ef1db374b4195344a424073c2e4e645b9ce57fee7b0713b6dc6d0?s=96&d=mm&r=g\",\"contentUrl\":\"https:\/\/secure.gravatar.com\/avatar\/5387d433090ef1db374b4195344a424073c2e4e645b9ce57fee7b0713b6dc6d0?s=96&d=mm&r=g\",\"caption\":\"marecettesante\"},\"description\":\"Virginie Plante - virginie@marecettesante.com - 514-883-8793 Isabelle Langlois - isabelle@marecettesante.com - 514-466-9637 Lise Lono - liselono@yahoo.ca - 514-237-9387 St\u00c3\u00a9phanie Gauthier - stephanie@marecettesante.com - 438-869-4382\",\"url\":\"https:\/\/www.marecettesante.com\/blog\/author\/marecettesante\/\"}]}<\/script>\n<!-- \/ Yoast SEO plugin. -->","yoast_head_json":{"title":"Radis - Jour 16 : Bruschetta de radis et avocat - Ma Recette Sant\u00e9","description":"Radis. Bienfaits. Le radis, l\u00c3\u00a9gume au go\u00c3\u00bbt l\u00c3\u00a9g\u00c3\u00a8rement piquant, aide \u00c3\u00a0 pr\u00c3\u00a9venir certains cancers par sa bonne concentration d\u00e2\u20ac\u2122antioxydants. Comme les...","robots":{"index":"index","follow":"follow","max-snippet":"max-snippet:-1","max-image-preview":"max-image-preview:large","max-video-preview":"max-video-preview:-1"},"canonical":"https:\/\/www.marecettesante.com\/blog\/radis-jour-16-bruschetta-de-radis-avocat\/","og_locale":"fr_FR","og_type":"article","og_title":"Radis - Jour 16 : Bruschetta de radis et avocat - Ma Recette Sant\u00e9","og_description":"Radis. Bienfaits. Le radis, l\u00c3\u00a9gume au go\u00c3\u00bbt l\u00c3\u00a9g\u00c3\u00a8rement piquant, aide \u00c3\u00a0 pr\u00c3\u00a9venir certains cancers par sa bonne concentration d\u00e2\u20ac\u2122antioxydants. Comme les...","og_url":"https:\/\/www.marecettesante.com\/blog\/radis-jour-16-bruschetta-de-radis-avocat\/","og_site_name":"Ma Recette Sant\u00e9","article_published_time":"2015-06-16T15:01:02+00:00","article_modified_time":"2017-01-18T17:08:35+00:00","og_image":[{"width":600,"height":468,"url":"https:\/\/www.marecettesante.com\/blog\/wp-content\/uploads\/2015\/06\/radis-recette-sante-defi-legumes-21-jours.jpg","type":"image\/jpeg"}],"author":"marecettesante","twitter_misc":{"\u00c9crit par":"marecettesante","Dur\u00e9e de lecture estim\u00e9e":"2 minutes"},"schema":{"@context":"https:\/\/schema.org","@graph":[{"@type":"WebPage","@id":"https:\/\/www.marecettesante.com\/blog\/radis-jour-16-bruschetta-de-radis-avocat\/","url":"https:\/\/www.marecettesante.com\/blog\/radis-jour-16-bruschetta-de-radis-avocat\/","name":"Radis - Jour 16 : Bruschetta de radis et avocat - Ma Recette Sant\u00e9","isPartOf":{"@id":"https:\/\/www.marecettesante.com\/blog\/#website"},"primaryImageOfPage":{"@id":"https:\/\/www.marecettesante.com\/blog\/radis-jour-16-bruschetta-de-radis-avocat\/#primaryimage"},"image":{"@id":"https:\/\/www.marecettesante.com\/blog\/radis-jour-16-bruschetta-de-radis-avocat\/#primaryimage"},"thumbnailUrl":"https:\/\/www.marecettesante.com\/blog\/wp-content\/uploads\/2015\/06\/radis-recette-sante-defi-legumes-21-jours.jpg","datePublished":"2015-06-16T15:01:02+00:00","dateModified":"2017-01-18T17:08:35+00:00","author":{"@id":"https:\/\/www.marecettesante.com\/blog\/#\/schema\/person\/5cdaf51014787527b9e74e2f74d750a0"},"description":"Radis. Bienfaits. Le radis, l\u00c3\u00a9gume au go\u00c3\u00bbt l\u00c3\u00a9g\u00c3\u00a8rement piquant, aide \u00c3\u00a0 pr\u00c3\u00a9venir certains cancers par sa bonne concentration d\u00e2\u20ac\u2122antioxydants. Comme les...","breadcrumb":{"@id":"https:\/\/www.marecettesante.com\/blog\/radis-jour-16-bruschetta-de-radis-avocat\/#breadcrumb"},"inLanguage":"fr-FR","potentialAction":[{"@type":"ReadAction","target":["https:\/\/www.marecettesante.com\/blog\/radis-jour-16-bruschetta-de-radis-avocat\/"]}]},{"@type":"ImageObject","inLanguage":"fr-FR","@id":"https:\/\/www.marecettesante.com\/blog\/radis-jour-16-bruschetta-de-radis-avocat\/#primaryimage","url":"https:\/\/www.marecettesante.com\/blog\/wp-content\/uploads\/2015\/06\/radis-recette-sante-defi-legumes-21-jours.jpg","contentUrl":"https:\/\/www.marecettesante.com\/blog\/wp-content\/uploads\/2015\/06\/radis-recette-sante-defi-legumes-21-jours.jpg","width":600,"height":468},{"@type":"BreadcrumbList","@id":"https:\/\/www.marecettesante.com\/blog\/radis-jour-16-bruschetta-de-radis-avocat\/#breadcrumb","itemListElement":[{"@type":"ListItem","position":1,"name":"Accueil","item":"https:\/\/www.marecettesante.com\/blog\/"},{"@type":"ListItem","position":2,"name":"Radis &#8211; Jour 16 : Bruschetta de radis et avocat"}]},{"@type":"WebSite","@id":"https:\/\/www.marecettesante.com\/blog\/#website","url":"https:\/\/www.marecettesante.com\/blog\/","name":"Ma Recette Sant\u00e9","description":"Pour un bien-\u00eatre au quotidien","potentialAction":[{"@type":"SearchAction","target":{"@type":"EntryPoint","urlTemplate":"https:\/\/www.marecettesante.com\/blog\/?s={search_term_string}"},"query-input":{"@type":"PropertyValueSpecification","valueRequired":true,"valueName":"search_term_string"}}],"inLanguage":"fr-FR"},{"@type":"Person","@id":"https:\/\/www.marecettesante.com\/blog\/#\/schema\/person\/5cdaf51014787527b9e74e2f74d750a0","name":"marecettesante","image":{"@type":"ImageObject","inLanguage":"fr-FR","@id":"https:\/\/www.marecettesante.com\/blog\/#\/schema\/person\/image\/","url":"https:\/\/secure.gravatar.com\/avatar\/5387d433090ef1db374b4195344a424073c2e4e645b9ce57fee7b0713b6dc6d0?s=96&d=mm&r=g","contentUrl":"https:\/\/secure.gravatar.com\/avatar\/5387d433090ef1db374b4195344a424073c2e4e645b9ce57fee7b0713b6dc6d0?s=96&d=mm&r=g","caption":"marecettesante"},"description":"Virginie Plante - virginie@marecettesante.com - 514-883-8793 Isabelle Langlois - isabelle@marecettesante.com - 514-466-9637 Lise Lono - liselono@yahoo.ca - 514-237-9387 St\u00c3\u00a9phanie Gauthier - stephanie@marecettesante.com - 438-869-4382","url":"https:\/\/www.marecettesante.com\/blog\/author\/marecettesante\/"}]}},"_links":{"self":[{"href":"https:\/\/www.marecettesante.com\/blog\/wp-json\/wp\/v2\/posts\/571","targetHints":{"allow":["GET"]}}],"collection":[{"href":"https:\/\/www.marecettesante.com\/blog\/wp-json\/wp\/v2\/posts"}],"about":[{"href":"https:\/\/www.marecettesante.com\/blog\/wp-json\/wp\/v2\/types\/post"}],"author":[{"embeddable":true,"href":"https:\/\/www.marecettesante.com\/blog\/wp-json\/wp\/v2\/users\/4"}],"replies":[{"embeddable":true,"href":"https:\/\/www.marecettesante.com\/blog\/wp-json\/wp\/v2\/comments?post=571"}],"version-history":[{"count":0,"href":"https:\/\/www.marecettesante.com\/blog\/wp-json\/wp\/v2\/posts\/571\/revisions"}],"wp:featuredmedia":[{"embeddable":true,"href":"https:\/\/www.marecettesante.com\/blog\/wp-json\/wp\/v2\/media\/572"}],"wp:attachment":[{"href":"https:\/\/www.marecettesante.com\/blog\/wp-json\/wp\/v2\/media?parent=571"}],"wp:term":[{"taxonomy":"category","embeddable":true,"href":"https:\/\/www.marecettesante.com\/blog\/wp-json\/wp\/v2\/categories?post=571"},{"taxonomy":"post_tag","embeddable":true,"href":"https:\/\/www.marecettesante.com\/blog\/wp-json\/wp\/v2\/tags?post=571"}],"curies":[{"name":"wp","href":"https:\/\/api.w.org\/{rel}","templated":true}]}}