{"id":328,"date":"2013-12-08T12:46:25","date_gmt":"2013-12-08T17:46:25","guid":{"rendered":"https:\/\/www.marecettesante.com\/?p=328"},"modified":"2015-11-26T16:27:39","modified_gmt":"2015-11-26T21:27:39","slug":"maladie-lyme-fatigue-chronique-symptomes-inexplique","status":"publish","type":"post","link":"https:\/\/www.marecettesante.com\/blog\/maladie-lyme-fatigue-chronique-symptomes-inexplique\/","title":{"rendered":"Maladie de Lyme, fatigue chronique et sympt\u00c3\u00b4mes inexpliqu\u00c3\u00a9s"},"content":{"rendered":"<p><b><span style=\"text-decoration: underline;\">R\u00c3\u2030DUIRE LES SYMPT\u00c3\u201dMES DE LA MALADIE DE LYME, DU SYNDROME DE FATIGUE CHRONIQUE ET DES\u00c2\u00a0 SYMPT\u00c3\u201dMES DIVERS ET INEXPLIQU\u00c3\u2030S<\/span><\/b><\/p>\n<p><img loading=\"lazy\" decoding=\"async\" class=\"aligncenter size-medium wp-image-334\" src=\"https:\/\/www.marecettesante.com\/blog\/wp-content\/uploads\/2013\/12\/recette-sante-maux-de-tete-syndrome-fatigue-lyme-580x386.jpg\" alt=\"recette-sante-maux-de-tete-syndrome-fatigue-lyme\" width=\"580\" height=\"386\" srcset=\"https:\/\/www.marecettesante.com\/blog\/wp-content\/uploads\/2013\/12\/recette-sante-maux-de-tete-syndrome-fatigue-lyme-580x386.jpg 580w, https:\/\/www.marecettesante.com\/blog\/wp-content\/uploads\/2013\/12\/recette-sante-maux-de-tete-syndrome-fatigue-lyme.jpg 600w\" sizes=\"auto, (max-width: 580px) 100vw, 580px\" \/><\/p>\n<p align=\"center\">Que votre maladie porte un nom tel que Maladie de Lyme ou syndrome de fatigue chronique, ou qu\u00e2\u20ac\u2122il s\u00e2\u20ac\u2122agisse de sympt\u00c3\u00b4mes divers et non encore diagnostiqu\u00c3\u00a9s, ces sympt\u00c3\u00b4mes et probl\u00c3\u00a8mes de sant\u00c3\u00a9 peuvent \u00c3\u00aatre s\u00c3\u00a9rieux et ruiner votre vie.<\/p>\n<p>Je parle ici des maladies caus\u00c3\u00a9es par des parasites au sens large du terme, <span style=\"text-decoration: underline;\"><strong>les parasites pouvant \u00c3\u00aatre des bact\u00c3\u00a9ries, des virus, des vers, des champignons, etc. ou encore les toxines de ces micro-organismes<\/strong><\/span>.<\/p>\n<p>Il existe des formes chroniques de ces maladies et ce sont les plus insidieuses.<\/p>\n<p>Il est maintenant prouv\u00c3\u00a9 que ces maladies peuvent se r\u00c3\u00a9veiller des mois, des ann\u00c3\u00a9es ou m\u00c3\u00aame des d\u00c3\u00a9cennies apr\u00c3\u00a8s la contamination.<\/p>\n<p align=\"center\">Les parasites ou toxines peuvent s&rsquo;infiltrer dans tous les organes et tissus du corps, y compris les os, le cerveau et le syst\u00c3\u00a8me nerveux et provoquer avec le temps divers sympt\u00c3\u00b4mes y compris des diagnostics psychiatriques.<\/p>\n<p>Lorsqu\u00e2\u20ac\u2122on est atteint d\u00e2\u20ac\u2122un probl\u00c3\u00a8me de ce genre, difficilement reconnu par la m\u00c3\u00a9decine officielle, on finit souvent par se faire dire que \u00c2\u00ab\u00c2\u00a0tout est dans notre t\u00c3\u00aate\u00c2\u00a0\u00c2\u00bb et qu&rsquo;on devrait prendre des antid\u00c3\u00a9presseurs ou suivre une psychoth\u00c3\u00a9rapie.<\/p>\n<p><b><span style=\"text-decoration: underline;\">Les sympt\u00c3\u00b4mes sont vagues et peuvent \u00c3\u00aatre aussi divers que\u00c2\u00a0:<\/span><\/b><\/p>\n<ul>\n<ul>\n<ul>\n<li>Douleurs articulaires (genoux, dos, cou)<\/li>\n<li>D\u00c3\u00a9pression chronique<\/li>\n<li>Fatigue (syndrome de fatigue chronique)<\/li>\n<li>Fibromyalgie\u00c2\u00a0(fatigue, douleurs musculaires, probl\u00c3\u00a8mes de sommeil, troubles digestifs)<\/li>\n<li>Maux de t\u00c3\u00aate permanents et le sentiment d&rsquo;avoir le cerveau dans le brouillard<\/li>\n<li>Troubles visuels<\/li>\n<li>Picotements dans les yeux<\/li>\n<li>Acouph\u00c3\u00a8nes (bruits dans les oreilles)<\/li>\n<li>Crampes et sueurs nocturnes<\/li>\n<li>Troubles cardiaques et respiratoires (apn\u00c3\u00a9es du sommeil, etc.)<\/li>\n<li>Paralysie faciale<\/li>\n<li>Maux d&rsquo;estomac et d&rsquo;intestin<\/li>\n<li>Difficult\u00c3\u00a9s d&rsquo;\u00c3\u00a9locution<\/li>\n<li>Difficult\u00c3\u00a9s de concentration ou de m\u00c3\u00a9moire<\/li>\n<li>Sautes d&rsquo;humeur chroniques<\/li>\n<li>Alternances de diarrh\u00c3\u00a9es-constipation<\/li>\n<li>Probl\u00c3\u00a8mes de peau<\/li>\n<li>Troubles neurologiques et\/ou psychiatriques\u00c2\u00a0(autisme, Parkinson, Alzheimer, etc.)<\/li>\n<li>Maladies auto immunes\u00c2\u00a0(polyarthrite rhumato\u00c3\u00afde, scl\u00c3\u00a9rose en plaques, thyro\u00c3\u00afdite, etc.)<\/li>\n<\/ul>\n<\/ul>\n<\/ul>\n<p align=\"center\"><span style=\"text-decoration: underline;\">Il n\u00e2\u20ac\u2122y a pas de tests efficaces pour d\u00c3\u00a9tecter ce genre de\u00c2\u00a0 maladies et les traitements consistent souvent \u00c3\u00a0 essayer de soulager les sympt\u00c3\u00b4mes \u00e2\u20ac\u00a6<\/span><\/p>\n<p>&nbsp;<\/p>\n<p><b><span style=\"text-decoration: underline;\">En ce qui concerne la Maladie de Lyme,<\/span><\/b><b> par exemple, on estime qu\u00e2\u20ac\u2122au <\/b><b>Canada, en 2020, 80% de la population sera expos\u00c3\u00a9e \u00c3\u00a0 cette maladie. <\/b><\/p>\n<p><b>Et saviez-vous que depuis le 29 janvier 2013, aux \u00c3\u2030tats-Unis dans l&rsquo;\u00c3\u00a9tat de Virginie,\u00c2\u00a0 une loi oblige le m\u00c3\u00a9decin \u00c3\u00a0 informer son patient sur le peu de fiabilit\u00c3\u00a9 des tests sanguins ? Et si le m\u00c3\u00a9decin oublie de le faire, le patient pourrait porter plainte contre lui ?<\/b><\/p>\n<p>Et saviez-vous que dans plus d\u00e2\u20ac\u2122une vingtaine d\u00e2\u20ac\u2122\u00c3\u00a9tats aux \u00c3\u2030tats-Unis, les m\u00c3\u00a9decins qui soignent la maladie de Lyme hors des protocoles m\u00c3\u00a9dicaux \u00c3\u00a9tablis sont prot\u00c3\u00a9g\u00c3\u00a9s dans leurs actions th\u00c3\u00a9rapeutiques ?<\/p>\n<p>On dit que la forme chronique et neurologique de la maladie de Lyme prend des allures \u00c3\u00a9pid\u00c3\u00a9miques en Russie, en Europe Centrale, en Am\u00c3\u00a9rique du Nord et en Allemagne.<\/p>\n<p><b>En Allemagne, en 2010, 900 000 personnes ont \u00c3\u00a9t\u00c3\u00a9 officiellement reconnues comme atteintes par la maladie chronique de Lyme, et prises en charge par la m\u00c3\u00a9decine.<br \/>\n<\/b><\/p>\n<p align=\"center\"><b><span style=\"text-decoration: underline;\">Et c\u00e2\u20ac\u2122est ici que la naturopathie <\/span><\/b><\/p>\n<p align=\"center\"><b><span style=\"text-decoration: underline;\">et les bons soins de sant\u00c3\u00a9 interviennent !<\/span><\/b><\/p>\n<p><b>\u00c2\u00a0<\/b><\/p>\n<p><b>Il est prouv\u00c3\u00a9 que les patients atteints de diverses maladies chroniques qui optent pour une alimentation et un mode de vie plus sains, incluant une activit\u00c3\u00a9 physique r\u00c3\u00a9guli\u00c3\u00a8re, peuvent vivre avec la maladie pendant des ann\u00c3\u00a9es sans avoir \u00c3\u00a0 subir les effets de la maladie ni les effets secondaires des m\u00c3\u00a9dicaments chimiques.<br \/>\n<\/b><\/p>\n<p>Certains centenaires sont atteints de la maladie de Lyme\u00e2\u20ac\u00a6 \u00c2\u00a0Et certains patients s\u00e2\u20ac\u2122en remettent \u00c3\u00a0 80 % d\u00c3\u00a8s les premiers mois de traitement\u00e2\u20ac\u00a6<\/p>\n<p>Le VIH est un autre exemple de virus qui peut vivre pendant des ann\u00c3\u00a9es dans notre corps sans se manifester.<\/p>\n<p align=\"center\"><b><span style=\"text-decoration: underline;\">La meilleure fa\u00c3\u00a7on d\u00e2\u20ac\u2122aider la personne malade est <\/span><br \/>\nde renforcer son syst\u00c3\u00a8me immunitaire !<\/b><\/p>\n<blockquote><p>&nbsp;<\/p>\n<p align=\"center\"><b><span style=\"text-decoration: underline;\">Quelques solutions naturelles possibles chez NSP :<\/span><\/b><\/p>\n<p>&nbsp;<\/p>\n<p><a title=\"Colostrum Nature's Sunshine\" href=\"http:\/\/www.naturessunshine.com\/ca\/product\/colostrum-90\/sku-1828.aspx?sponsor=2329485\" target=\"_blank\"><b><span style=\"text-decoration: underline;\">COLOSTRUM<\/span><\/b><\/a><br \/>\nSurtout si vous avez des sympt\u00c3\u00b4mes inexpliqu\u00c3\u00a9s tels que ceux \u00c3\u00a9num\u00c3\u00a9r\u00c3\u00a9s plus haut, vous devriez songer \u00c3\u00a0 faire des cures de Colostrum.<br \/>\n<span style=\"text-decoration: underline;\">Posologie\u00c2\u00a0<\/span>: prendre 1 capsule, 4 fois par jour, \u00c3\u00a0 jeun.<\/p>\n<p><a title=\"Colostrum\" href=\"http:\/\/www.naturessunshine.com\/ca\/product\/colostrum-90\/sku-1828.aspx?sponsor=2329485\" target=\"_blank\"><img loading=\"lazy\" decoding=\"async\" class=\"alignright size-full wp-image-329\" src=\"https:\/\/www.marecettesante.com\/blog\/wp-content\/uploads\/2013\/12\/colostrum-systeme-immunitaire-naturessunshine.jpg\" alt=\"colostrum-systeme-immunitaire-naturessunshine\" width=\"112\" height=\"132\" \/><\/a>Si vous souffrez de l\u00e2\u20ac\u2122un des sympt\u00c3\u00b4mes \u00c3\u00a9num\u00c3\u00a9r\u00c3\u00a9s plus haut, vous pourriez faire des cures d\u00e2\u20ac\u2122un mois \u00c3\u00a0 la fois, 1 mois sur 2, par exemple, le temps d\u00e2\u20ac\u2122aider votre syst\u00c3\u00a8me immunitaire \u00c3\u00a0 combattre les intrus.<\/p>\n<p><b>Contre-indications\u00c2\u00a0:<\/b>Si vous prenez des immunosuppresseurs, si vous avez une maladie du foie, une insuffisance r\u00c3\u00a9nale, si vous faites du diab\u00c3\u00a8te, si vous avez un cancer ou si vous avez d\u00c3\u00a9j\u00c3\u00a0 eu un cancer, si vous \u00c3\u00aates enceinte ou que vous allaitez, si vous avez une allergie au lait de vache<\/p>\n<p><b><span style=\"text-decoration: underline;\">Pour obtenir plus de d\u00c3\u00a9tails sur ce produit fantastique, vous pouvez \u00c3\u00a9couter le webinaire qui a eu lieu en septembre, sur le site <a title=\"Nature's Sunshine Canada\" href=\"http:\/\/www.naturessunshine.com\/ca\/shop\/?sponsor=2329485\" target=\"_blank\">naturessunshine.ca<\/a><b><b><br \/>\n<\/b><\/b><\/span><\/b><br \/>\n<a title=\"Extrait de feuilles d'olivier\" href=\"http:\/\/www.naturessunshine.com\/ca\/product\/feuille-dolivier-60\/sku-204.aspx?sponsor=2329485\" target=\"_blank\"><img loading=\"lazy\" decoding=\"async\" class=\"alignright size-full wp-image-331\" src=\"https:\/\/www.marecettesante.com\/blog\/wp-content\/uploads\/2013\/12\/extrait-feuille-dolivier.jpg\" alt=\"extrait-feuille-dolivier\" width=\"112\" height=\"132\" \/><\/a><br \/>\n<b><span style=\"text-decoration: underline;\"><a title=\"Extrait de feuilles d'olivier\" href=\"http:\/\/www.naturessunshine.com\/ca\/product\/feuille-dolivier-60\/sku-204.aspx?sponsor=2329485\" target=\"_blank\">EXTRAIT DE FEUILLES D\u00e2\u20ac\u2122OLIVIER<\/a><br \/>\n<\/span><\/b>Il s\u00e2\u20ac\u2122agit d\u00e2\u20ac\u2122un produit \u00c3\u00a0 large spectre. L\u00e2\u20ac\u2122extrait de feuilles d\u00e2\u20ac\u2122olivier s\u00e2\u20ac\u2122attaque autant aux bact\u00c3\u00a9ries qu\u00e2\u20ac\u2122aux virus ou aux champignons.Inoffensif, il offre aussi d\u00e2\u20ac\u2122autres bienfaits pour le syst\u00c3\u00a8me cardio-vasculaire.<\/p>\n<p>&nbsp;<\/p>\n<p><b><span style=\"text-decoration: underline;\"><a title=\"Super Trio\" href=\"http:\/\/www.naturessunshine.com\/ca\/product\/super-trio-60-packets\/sku-20.aspx?sponsor=2329485\" target=\"_blank\">SUPER TRIO<\/a><br \/>\n<a title=\"Super Trio\" href=\"http:\/\/www.naturessunshine.com\/ca\/product\/super-trio-60-packets\/sku-20.aspx?sponsor=2329485\" target=\"_blank\"><img loading=\"lazy\" decoding=\"async\" class=\"alignright size-full wp-image-330\" src=\"https:\/\/www.marecettesante.com\/blog\/wp-content\/uploads\/2013\/12\/supertrio-omega3-antioxydants-vitamines-mineraux.jpg\" alt=\"supertrio-omega3-antioxydants-vitamines-mineraux\" width=\"112\" height=\"132\" \/><\/a><\/span><\/b>Un excellent produit de base \u00c3\u00a0 d\u00c3\u00a9couvrir ! \u00c2\u00a0En fournissant \u00c3\u00a0 notre corps les nutriments n\u00c3\u00a9cessaire \u00c3\u00a0 son bon fonctionnement, on aide tous nos syst\u00c3\u00a8mes (y compris notre syst\u00c3\u00a8me immunitaire) \u00c3\u00a0 bien faire leur travail, \u00c3\u00a0 lutter et \u00c3\u00a0 nous prot\u00c3\u00a9ger contre les divers envahisseurs.<\/p>\n<p><b><span style=\"text-decoration: underline;\">Pour obtenir plus de d\u00c3\u00a9tails sur ce produit \u00c3\u00a0 large spectre et d\u00e2\u20ac\u2122une qualit\u00c3\u00a9 exceptionnelle,\u00c2\u00a0<b>vous pouvez \u00c3\u00a9couter le webinaire qui a eu lieu en octobre, sur le site <a title=\"Nature's Sunshine Canada\" href=\"http:\/\/www.naturessunshine.com\/ca\/shop\/?sponsor=2329485\" target=\"_blank\">naturessunshine.ca<\/a><br \/>\n<\/b><\/span><\/b><br \/>\n<a title=\"Antioxydant Zambroza\" href=\"http:\/\/www.naturessunshine.com\/ca\/product\/zambroza-avec-acai-et-grenade\/sku-4124.aspx?sponsor=2329485\" target=\"_blank\"><img loading=\"lazy\" decoding=\"async\" class=\"alignright size-full wp-image-332\" src=\"https:\/\/www.marecettesante.com\/blog\/wp-content\/uploads\/2013\/12\/zambroza-antioxydants.jpg\" alt=\"zambroza-antioxydants\" width=\"112\" height=\"132\" \/><\/a><br \/>\n<b><span style=\"text-decoration: underline;\"><a title=\"Antioxydant Zambroza \" href=\"http:\/\/www.naturessunshine.com\/ca\/product\/zambroza-avec-acai-et-grenade\/sku-4124.aspx?sponsor=2329485\" target=\"_blank\">ZAMBROZA<\/a><br \/>\n<\/span><\/b>De la protection anti-oxydante. Un excellent choix \u00c3\u00a0 faire !<br \/>\nPosologie\u00c2\u00a0: 1 c. \u00c3\u00a0 table matin et soir.<\/p>\n<p style=\"margin-top: 40px;\">\n<\/blockquote>\n<p>&nbsp;<\/p>\n<p>Ce document est produit \u00c3\u00a0 titre \u00c3\u00a9ducatif seulement et ne remplace pas les soins d\u00e2\u20ac\u2122un professionnel de la sant\u00c3\u00a9. Si vous \u00c3\u00aates malade, veuillez consulter une personne comp\u00c3\u00a9tente \u00c3\u00a0 cet effet. Ce document peut \u00c3\u00aatre reproduit \u00c3\u00a0 la condition de n\u00e2\u20ac\u2122en changer ni le contenu ni le nom de l\u00e2\u20ac\u2122auteure.<\/p>\n<p>\u00c3\u20ac la prochaine !<\/p>\n<p><strong>Lise Harbeck<\/strong><br \/>\n<a title=\"\u00c3\u2030cole Interactive de Naturopathie et \u00c3\u2030cole de Naturoth\u00c3\u00a9rapie du Qu\u00c3\u00a9bec\" href=\"https:\/\/www.marecettesante.com\/formations-programmes-bien-etre-sante\/ecole-naturotherapie-quebec-interactive-naturopathie\">\u00c3\u2030cole de Naturopathie du Qu\u00c3\u00a9bec<\/a><\/p>\n<div align=\"center\"><script type=\"text\/javascript\">\/\/ <![CDATA[\ngoogle_ad_client = \"pub-5174068817081369\"; \/* 468x15home-bottom, date de cr\u00c3\u00a9ation 01\/03\/11 *\/ google_ad_slot = \"1512530544\"; google_ad_width = 468; google_ad_height = 15;\n\/\/ ]]><\/script><br \/>\n<script src=\"http:\/\/pagead2.googlesyndication.com\/pagead\/show_ads.js\" type=\"text\/javascript\">\/\/ <![CDATA[\n\n\/\/ ]]><\/script><\/div>\n","protected":false},"excerpt":{"rendered":"<p>R\u00c3\u2030DUIRE LES SYMPT\u00c3\u201dMES DE LA MALADIE DE LYME, DU SYNDROME DE FATIGUE CHRONIQUE ET DES\u00c2\u00a0 SYMPT\u00c3\u201dMES DIVERS ET INEXPLIQU\u00c3\u2030S Que votre maladie porte un nom tel que Maladie de Lyme ou syndrome de fatigue chronique, ou qu\u00e2\u20ac\u2122il s\u00e2\u20ac\u2122agisse de sympt\u00c3\u00b4mes divers et non encore diagnostiqu\u00c3\u00a9s, ces sympt\u00c3\u00b4mes et probl\u00c3\u00a8mes de sant\u00c3\u00a9 peuvent \u00c3\u00aatre s\u00c3\u00a9rieux et [&hellip;]<\/p>\n","protected":false},"author":6,"featured_media":334,"comment_status":"open","ping_status":"open","sticky":false,"template":"","format":"standard","meta":{"_et_pb_use_builder":"","_et_pb_old_content":"","_et_gb_content_width":"","footnotes":""},"categories":[4],"tags":[341,342,338,337,340,146,339,343],"class_list":["post-328","post","type-post","status-publish","format-standard","has-post-thumbnail","hentry","category-la-presse-sante","tag-colostrum","tag-extrait-feuilles-dolivier","tag-fatigue-chronique","tag-maladie-de-lyme","tag-nsp-2","tag-super-trio","tag-virus","tag-zambroza"],"yoast_head":"<!-- This site is optimized with the Yoast SEO plugin v26.5 - https:\/\/yoast.com\/wordpress\/plugins\/seo\/ -->\n<title>R\u00c3\u00a9duire sympt\u00c3\u00b4mes maladie de Lyme, fatigue chronique et sympt\u00c3\u00b4mes inexpliqu\u00c3\u00a9s<\/title>\n<meta name=\"description\" content=\"R\u00c3\u00a9duire les effets de la maladie de Lyme, la fatigue chronique et divers virus gr\u00c3\u00a2ce \u00c3\u00a0 4 produits naturels nsp : colostrum, feuilles d&#039;olivier, super trio et zambroza.\" \/>\n<meta name=\"robots\" content=\"index, follow, max-snippet:-1, max-image-preview:large, max-video-preview:-1\" \/>\n<link rel=\"canonical\" href=\"https:\/\/www.marecettesante.com\/blog\/maladie-lyme-fatigue-chronique-symptomes-inexplique\/\" \/>\n<meta property=\"og:locale\" content=\"fr_FR\" \/>\n<meta property=\"og:type\" content=\"article\" \/>\n<meta property=\"og:title\" content=\"R\u00c3\u00a9duire sympt\u00c3\u00b4mes maladie de Lyme, fatigue chronique et sympt\u00c3\u00b4mes inexpliqu\u00c3\u00a9s\" \/>\n<meta property=\"og:description\" content=\"R\u00c3\u00a9duire les effets de la maladie de Lyme, la fatigue chronique et divers virus gr\u00c3\u00a2ce \u00c3\u00a0 4 produits naturels nsp : colostrum, feuilles d&#039;olivier, super trio et zambroza.\" \/>\n<meta property=\"og:url\" content=\"https:\/\/www.marecettesante.com\/blog\/maladie-lyme-fatigue-chronique-symptomes-inexplique\/\" \/>\n<meta property=\"og:site_name\" content=\"Ma Recette Sant\u00e9\" \/>\n<meta property=\"article:published_time\" content=\"2013-12-08T17:46:25+00:00\" \/>\n<meta property=\"article:modified_time\" content=\"2015-11-26T21:27:39+00:00\" \/>\n<meta property=\"og:image\" content=\"https:\/\/www.marecettesante.com\/blog\/wp-content\/uploads\/2013\/12\/recette-sante-maux-de-tete-syndrome-fatigue-lyme.jpg\" \/>\n\t<meta property=\"og:image:width\" content=\"600\" \/>\n\t<meta property=\"og:image:height\" content=\"400\" \/>\n\t<meta property=\"og:image:type\" content=\"image\/jpeg\" \/>\n<meta name=\"author\" content=\"Virginie Plante\" \/>\n<meta name=\"twitter:label1\" content=\"\u00c9crit par\" \/>\n\t<meta name=\"twitter:data1\" content=\"Virginie Plante\" \/>\n\t<meta name=\"twitter:label2\" content=\"Dur\u00e9e de lecture estim\u00e9e\" \/>\n\t<meta name=\"twitter:data2\" content=\"5 minutes\" \/>\n<script type=\"application\/ld+json\" class=\"yoast-schema-graph\">{\"@context\":\"https:\/\/schema.org\",\"@graph\":[{\"@type\":\"WebPage\",\"@id\":\"https:\/\/www.marecettesante.com\/blog\/maladie-lyme-fatigue-chronique-symptomes-inexplique\/\",\"url\":\"https:\/\/www.marecettesante.com\/blog\/maladie-lyme-fatigue-chronique-symptomes-inexplique\/\",\"name\":\"R\u00c3\u00a9duire sympt\u00c3\u00b4mes maladie de Lyme, fatigue chronique et sympt\u00c3\u00b4mes inexpliqu\u00c3\u00a9s\",\"isPartOf\":{\"@id\":\"https:\/\/www.marecettesante.com\/blog\/#website\"},\"primaryImageOfPage\":{\"@id\":\"https:\/\/www.marecettesante.com\/blog\/maladie-lyme-fatigue-chronique-symptomes-inexplique\/#primaryimage\"},\"image\":{\"@id\":\"https:\/\/www.marecettesante.com\/blog\/maladie-lyme-fatigue-chronique-symptomes-inexplique\/#primaryimage\"},\"thumbnailUrl\":\"https:\/\/www.marecettesante.com\/blog\/wp-content\/uploads\/2013\/12\/recette-sante-maux-de-tete-syndrome-fatigue-lyme.jpg\",\"datePublished\":\"2013-12-08T17:46:25+00:00\",\"dateModified\":\"2015-11-26T21:27:39+00:00\",\"author\":{\"@id\":\"https:\/\/www.marecettesante.com\/blog\/#\/schema\/person\/831e64a904e018a56249a19bcd74b1a9\"},\"description\":\"R\u00c3\u00a9duire les effets de la maladie de Lyme, la fatigue chronique et divers virus gr\u00c3\u00a2ce \u00c3\u00a0 4 produits naturels nsp : colostrum, feuilles d'olivier, super trio et zambroza.\",\"breadcrumb\":{\"@id\":\"https:\/\/www.marecettesante.com\/blog\/maladie-lyme-fatigue-chronique-symptomes-inexplique\/#breadcrumb\"},\"inLanguage\":\"fr-FR\",\"potentialAction\":[{\"@type\":\"ReadAction\",\"target\":[\"https:\/\/www.marecettesante.com\/blog\/maladie-lyme-fatigue-chronique-symptomes-inexplique\/\"]}]},{\"@type\":\"ImageObject\",\"inLanguage\":\"fr-FR\",\"@id\":\"https:\/\/www.marecettesante.com\/blog\/maladie-lyme-fatigue-chronique-symptomes-inexplique\/#primaryimage\",\"url\":\"https:\/\/www.marecettesante.com\/blog\/wp-content\/uploads\/2013\/12\/recette-sante-maux-de-tete-syndrome-fatigue-lyme.jpg\",\"contentUrl\":\"https:\/\/www.marecettesante.com\/blog\/wp-content\/uploads\/2013\/12\/recette-sante-maux-de-tete-syndrome-fatigue-lyme.jpg\",\"width\":600,\"height\":400},{\"@type\":\"BreadcrumbList\",\"@id\":\"https:\/\/www.marecettesante.com\/blog\/maladie-lyme-fatigue-chronique-symptomes-inexplique\/#breadcrumb\",\"itemListElement\":[{\"@type\":\"ListItem\",\"position\":1,\"name\":\"Accueil\",\"item\":\"https:\/\/www.marecettesante.com\/blog\/\"},{\"@type\":\"ListItem\",\"position\":2,\"name\":\"Maladie de Lyme, fatigue chronique et sympt\u00c3\u00b4mes inexpliqu\u00c3\u00a9s\"}]},{\"@type\":\"WebSite\",\"@id\":\"https:\/\/www.marecettesante.com\/blog\/#website\",\"url\":\"https:\/\/www.marecettesante.com\/blog\/\",\"name\":\"Ma Recette Sant\u00e9\",\"description\":\"Pour un bien-\u00eatre au quotidien\",\"potentialAction\":[{\"@type\":\"SearchAction\",\"target\":{\"@type\":\"EntryPoint\",\"urlTemplate\":\"https:\/\/www.marecettesante.com\/blog\/?s={search_term_string}\"},\"query-input\":{\"@type\":\"PropertyValueSpecification\",\"valueRequired\":true,\"valueName\":\"search_term_string\"}}],\"inLanguage\":\"fr-FR\"},{\"@type\":\"Person\",\"@id\":\"https:\/\/www.marecettesante.com\/blog\/#\/schema\/person\/831e64a904e018a56249a19bcd74b1a9\",\"name\":\"Virginie Plante\",\"image\":{\"@type\":\"ImageObject\",\"inLanguage\":\"fr-FR\",\"@id\":\"https:\/\/www.marecettesante.com\/blog\/#\/schema\/person\/image\/\",\"url\":\"https:\/\/secure.gravatar.com\/avatar\/6c0639db075f8b2630991e514b9e4eaf123b1c2d1b7317d7dadcbd412ef27b8d?s=96&d=mm&r=g\",\"contentUrl\":\"https:\/\/secure.gravatar.com\/avatar\/6c0639db075f8b2630991e514b9e4eaf123b1c2d1b7317d7dadcbd412ef27b8d?s=96&d=mm&r=g\",\"caption\":\"Virginie Plante\"},\"description\":\"Distributrice NSP &gt;&gt;&gt; virginie@marecettesante.com - 514-883-8793\",\"url\":\"https:\/\/www.marecettesante.com\/blog\/author\/virginie\/\"}]}<\/script>\n<!-- \/ Yoast SEO plugin. -->","yoast_head_json":{"title":"R\u00c3\u00a9duire sympt\u00c3\u00b4mes maladie de Lyme, fatigue chronique et sympt\u00c3\u00b4mes inexpliqu\u00c3\u00a9s","description":"R\u00c3\u00a9duire les effets de la maladie de Lyme, la fatigue chronique et divers virus gr\u00c3\u00a2ce \u00c3\u00a0 4 produits naturels nsp : colostrum, feuilles d'olivier, super trio et zambroza.","robots":{"index":"index","follow":"follow","max-snippet":"max-snippet:-1","max-image-preview":"max-image-preview:large","max-video-preview":"max-video-preview:-1"},"canonical":"https:\/\/www.marecettesante.com\/blog\/maladie-lyme-fatigue-chronique-symptomes-inexplique\/","og_locale":"fr_FR","og_type":"article","og_title":"R\u00c3\u00a9duire sympt\u00c3\u00b4mes maladie de Lyme, fatigue chronique et sympt\u00c3\u00b4mes inexpliqu\u00c3\u00a9s","og_description":"R\u00c3\u00a9duire les effets de la maladie de Lyme, la fatigue chronique et divers virus gr\u00c3\u00a2ce \u00c3\u00a0 4 produits naturels nsp : colostrum, feuilles d'olivier, super trio et zambroza.","og_url":"https:\/\/www.marecettesante.com\/blog\/maladie-lyme-fatigue-chronique-symptomes-inexplique\/","og_site_name":"Ma Recette Sant\u00e9","article_published_time":"2013-12-08T17:46:25+00:00","article_modified_time":"2015-11-26T21:27:39+00:00","og_image":[{"width":600,"height":400,"url":"https:\/\/www.marecettesante.com\/blog\/wp-content\/uploads\/2013\/12\/recette-sante-maux-de-tete-syndrome-fatigue-lyme.jpg","type":"image\/jpeg"}],"author":"Virginie Plante","twitter_misc":{"\u00c9crit par":"Virginie Plante","Dur\u00e9e de lecture estim\u00e9e":"5 minutes"},"schema":{"@context":"https:\/\/schema.org","@graph":[{"@type":"WebPage","@id":"https:\/\/www.marecettesante.com\/blog\/maladie-lyme-fatigue-chronique-symptomes-inexplique\/","url":"https:\/\/www.marecettesante.com\/blog\/maladie-lyme-fatigue-chronique-symptomes-inexplique\/","name":"R\u00c3\u00a9duire sympt\u00c3\u00b4mes maladie de Lyme, fatigue chronique et sympt\u00c3\u00b4mes inexpliqu\u00c3\u00a9s","isPartOf":{"@id":"https:\/\/www.marecettesante.com\/blog\/#website"},"primaryImageOfPage":{"@id":"https:\/\/www.marecettesante.com\/blog\/maladie-lyme-fatigue-chronique-symptomes-inexplique\/#primaryimage"},"image":{"@id":"https:\/\/www.marecettesante.com\/blog\/maladie-lyme-fatigue-chronique-symptomes-inexplique\/#primaryimage"},"thumbnailUrl":"https:\/\/www.marecettesante.com\/blog\/wp-content\/uploads\/2013\/12\/recette-sante-maux-de-tete-syndrome-fatigue-lyme.jpg","datePublished":"2013-12-08T17:46:25+00:00","dateModified":"2015-11-26T21:27:39+00:00","author":{"@id":"https:\/\/www.marecettesante.com\/blog\/#\/schema\/person\/831e64a904e018a56249a19bcd74b1a9"},"description":"R\u00c3\u00a9duire les effets de la maladie de Lyme, la fatigue chronique et divers virus gr\u00c3\u00a2ce \u00c3\u00a0 4 produits naturels nsp : colostrum, feuilles d'olivier, super trio et zambroza.","breadcrumb":{"@id":"https:\/\/www.marecettesante.com\/blog\/maladie-lyme-fatigue-chronique-symptomes-inexplique\/#breadcrumb"},"inLanguage":"fr-FR","potentialAction":[{"@type":"ReadAction","target":["https:\/\/www.marecettesante.com\/blog\/maladie-lyme-fatigue-chronique-symptomes-inexplique\/"]}]},{"@type":"ImageObject","inLanguage":"fr-FR","@id":"https:\/\/www.marecettesante.com\/blog\/maladie-lyme-fatigue-chronique-symptomes-inexplique\/#primaryimage","url":"https:\/\/www.marecettesante.com\/blog\/wp-content\/uploads\/2013\/12\/recette-sante-maux-de-tete-syndrome-fatigue-lyme.jpg","contentUrl":"https:\/\/www.marecettesante.com\/blog\/wp-content\/uploads\/2013\/12\/recette-sante-maux-de-tete-syndrome-fatigue-lyme.jpg","width":600,"height":400},{"@type":"BreadcrumbList","@id":"https:\/\/www.marecettesante.com\/blog\/maladie-lyme-fatigue-chronique-symptomes-inexplique\/#breadcrumb","itemListElement":[{"@type":"ListItem","position":1,"name":"Accueil","item":"https:\/\/www.marecettesante.com\/blog\/"},{"@type":"ListItem","position":2,"name":"Maladie de Lyme, fatigue chronique et sympt\u00c3\u00b4mes inexpliqu\u00c3\u00a9s"}]},{"@type":"WebSite","@id":"https:\/\/www.marecettesante.com\/blog\/#website","url":"https:\/\/www.marecettesante.com\/blog\/","name":"Ma Recette Sant\u00e9","description":"Pour un bien-\u00eatre au quotidien","potentialAction":[{"@type":"SearchAction","target":{"@type":"EntryPoint","urlTemplate":"https:\/\/www.marecettesante.com\/blog\/?s={search_term_string}"},"query-input":{"@type":"PropertyValueSpecification","valueRequired":true,"valueName":"search_term_string"}}],"inLanguage":"fr-FR"},{"@type":"Person","@id":"https:\/\/www.marecettesante.com\/blog\/#\/schema\/person\/831e64a904e018a56249a19bcd74b1a9","name":"Virginie Plante","image":{"@type":"ImageObject","inLanguage":"fr-FR","@id":"https:\/\/www.marecettesante.com\/blog\/#\/schema\/person\/image\/","url":"https:\/\/secure.gravatar.com\/avatar\/6c0639db075f8b2630991e514b9e4eaf123b1c2d1b7317d7dadcbd412ef27b8d?s=96&d=mm&r=g","contentUrl":"https:\/\/secure.gravatar.com\/avatar\/6c0639db075f8b2630991e514b9e4eaf123b1c2d1b7317d7dadcbd412ef27b8d?s=96&d=mm&r=g","caption":"Virginie Plante"},"description":"Distributrice NSP &gt;&gt;&gt; virginie@marecettesante.com - 514-883-8793","url":"https:\/\/www.marecettesante.com\/blog\/author\/virginie\/"}]}},"_links":{"self":[{"href":"https:\/\/www.marecettesante.com\/blog\/wp-json\/wp\/v2\/posts\/328","targetHints":{"allow":["GET"]}}],"collection":[{"href":"https:\/\/www.marecettesante.com\/blog\/wp-json\/wp\/v2\/posts"}],"about":[{"href":"https:\/\/www.marecettesante.com\/blog\/wp-json\/wp\/v2\/types\/post"}],"author":[{"embeddable":true,"href":"https:\/\/www.marecettesante.com\/blog\/wp-json\/wp\/v2\/users\/6"}],"replies":[{"embeddable":true,"href":"https:\/\/www.marecettesante.com\/blog\/wp-json\/wp\/v2\/comments?post=328"}],"version-history":[{"count":0,"href":"https:\/\/www.marecettesante.com\/blog\/wp-json\/wp\/v2\/posts\/328\/revisions"}],"wp:featuredmedia":[{"embeddable":true,"href":"https:\/\/www.marecettesante.com\/blog\/wp-json\/wp\/v2\/media\/334"}],"wp:attachment":[{"href":"https:\/\/www.marecettesante.com\/blog\/wp-json\/wp\/v2\/media?parent=328"}],"wp:term":[{"taxonomy":"category","embeddable":true,"href":"https:\/\/www.marecettesante.com\/blog\/wp-json\/wp\/v2\/categories?post=328"},{"taxonomy":"post_tag","embeddable":true,"href":"https:\/\/www.marecettesante.com\/blog\/wp-json\/wp\/v2\/tags?post=328"}],"curies":[{"name":"wp","href":"https:\/\/api.w.org\/{rel}","templated":true}]}}