{"id":256,"date":"2013-03-02T23:34:09","date_gmt":"2013-03-03T04:34:09","guid":{"rendered":"https:\/\/www.marecettesante.com\/?p=256"},"modified":"2013-10-08T15:48:53","modified_gmt":"2013-10-08T19:48:53","slug":"cours-sante-familiale-pour-bebes-et-enfants","status":"publish","type":"post","link":"https:\/\/www.marecettesante.com\/blog\/cours-sante-familiale-pour-bebes-et-enfants\/","title":{"rendered":"Cours &#8211; Sant\u00c3\u00a9 familiale pour b\u00c3\u00a9b\u00c3\u00a9s et enfants"},"content":{"rendered":"<h1 align=\"center\"><\/h1>\n<h1 align=\"center\"><img decoding=\"async\" class=\"aligncenter size-full wp-image-277\" alt=\"Formation pharmacie familiale\" src=\"https:\/\/www.marecettesante.com\/blog\/wp-content\/uploads\/2013\/03\/formation-pharmacie-familiale-marecettesante.jpg\" width=\"580\" srcset=\"https:\/\/www.marecettesante.com\/blog\/wp-content\/uploads\/2013\/03\/formation-pharmacie-familiale-marecettesante.jpg 600w, https:\/\/www.marecettesante.com\/blog\/wp-content\/uploads\/2013\/03\/formation-pharmacie-familiale-marecettesante-500x400.jpg 500w\" sizes=\"(max-width: 600px) 100vw, 600px\" \/><\/h1>\n<h1 align=\"center\"><\/h1>\n<h1 align=\"center\"><span style=\"color: #ff6600;\"><b><span class=\"Apple-style-span\" style=\"color: #333333; font-size: 13px; font-weight: normal;\"><span style=\"color: #0000ff;\"><b>La sant\u00c3\u00a9 familiale<\/b><\/span> est une formation sp\u00c3\u00a9cifique pour les b\u00c3\u00a9b\u00c3\u00a9s et enfants. Elle est tr\u00c3\u00a8s b\u00c3\u00a9n\u00c3\u00a9fique pour les parents qui veulent agir d\u00c3\u00a8s les premiers sympt\u00c3\u00b4mes observ\u00c3\u00a9s chez leurs tout-petits.<\/span><\/b><\/span><\/h1>\n<p>Elle est offerte en groupe.<\/p>\n<p><b>Contenu du cours :<\/b><\/p>\n<ul>\n<li><i>Explications de <b>25 maladies principales<\/b><\/i> chez les enfants \u00c3\u00a2g\u00c3\u00a9s de plus de 6 mois dont la fi\u00c3\u00a8vre, la grippe et le rhume, amygdalite, bronchite, conjonctivite, diarrh\u00c3\u00a9e, fatigue, otite, poux, pneumonie, probl\u00c3\u00a8mes de sommeil, la rentr\u00c3\u00a9e en garderie, pipi au lit, etc.<\/li>\n<li>Comment soigner les b\u00c3\u00a9b\u00c3\u00a9s et enfants avec des <b>produits naturels et hom\u00c3\u00a9opathiques.<\/b><\/li>\n<li>Recommandations, conseils et astuces pour pr\u00c3\u00a9venir et am\u00c3\u00a9liorer la sant\u00c3\u00a9 des tout-petits.<\/li>\n<\/ul>\n<p>&nbsp;<\/p>\n<p align=\"center\"><span style=\"color: #0000ff;\"><strong>Vous ressortirez avec pleins d\u00e2\u20ac\u2122outils <\/strong><strong>pour prendre soins de vos tout-petits !<\/strong><\/span><\/p>\n<p>&nbsp;<\/p>\n<p><b>Co\u00c3\u00bbt :<\/b> <b>50$<\/b>, documentation incluse<\/p>\n<p><b>Dur\u00c3\u00a9e :<\/b> 2 rencontres de 2 heures chacune<\/p>\n<p><strong>Dates:<\/strong> les mardis 9 et 30 avril <span style=\"color: #ff00ff;\"><strong>\u00c2\u00a0 ou <\/strong><\/span>\u00c2\u00a0 les mardis 14 et 28 mai 2013 \u00c3\u00a0 10 heures<\/p>\n<p><b>O<\/b><b>\u00c3\u00b9<\/b><b> : <\/b>Centre Permosens situ\u00c3\u00a9 au 1778, boul. des Laurentides \u00c3\u00a0 Laval<b> <\/b><\/p>\n<p><strong>Contactez : <\/strong>pour votre inscription ou des questions vous pouvez\u00c2\u00a0 communiquer avec Isabelle Langlois, naturopathe, au 450-933-6360 ou par courriel <a href=\"mailto:isabelle@marecettesante.com\">isabelle@marecettesante.com<\/a> .<\/p>\n<p style=\"text-align: center;\"><strong>Il est important de r\u00c3\u00a9server votre place.<\/strong><\/p>\n","protected":false},"excerpt":{"rendered":"<p>La sant\u00c3\u00a9 familiale est une formation sp\u00c3\u00a9cifique pour les b\u00c3\u00a9b\u00c3\u00a9s et enfants. Elle est tr\u00c3\u00a8s b\u00c3\u00a9n\u00c3\u00a9fique pour les parents qui veulent agir d\u00c3\u00a8s les premiers sympt\u00c3\u00b4mes observ\u00c3\u00a9s chez leurs tout-petits. Elle est offerte en groupe. Contenu du cours : Explications de 25 maladies principales chez les enfants \u00c3\u00a2g\u00c3\u00a9s de plus de 6 mois dont la [&hellip;]<\/p>\n","protected":false},"author":5,"featured_media":277,"comment_status":"open","ping_status":"open","sticky":false,"template":"","format":"standard","meta":{"_et_pb_use_builder":"","_et_pb_old_content":"","_et_gb_content_width":"","footnotes":""},"categories":[3,4],"tags":[533,528,534,524,535,526,73,529,496,543,531,536,541,538,537,539,540,532,542,530],"class_list":["post-256","post","type-post","status-publish","format-standard","has-post-thumbnail","hentry","category-evenements","category-la-presse-sante","tag-amygdalite","tag-bebe","tag-bronchite","tag-centre-permosens","tag-conjonctivite","tag-cours","tag-diarrhee","tag-enfants","tag-fatigue","tag-fievre","tag-grippe","tag-otite","tag-pipi-au-lit","tag-pneumonie","tag-poux","tag-problemes-de-sommeil","tag-rentree-en-garderie","tag-rhume","tag-sante-des-tout-petits","tag-tout-petits"],"yoast_head":"<!-- This site is optimized with the Yoast SEO plugin v26.5 - https:\/\/yoast.com\/wordpress\/plugins\/seo\/ -->\n<title>Cours - Sant\u00c3\u00a9 familiale pour b\u00c3\u00a9b\u00c3\u00a9s et enfants<\/title>\n<meta name=\"description\" content=\"La sant\u00c3\u00a9 familiale est une formation sp\u00c3\u00a9cifique pour les b\u00c3\u00a9b\u00c3\u00a9s et enfants. Elle est tr\u00c3\u00a8s b\u00c3\u00a9n\u00c3\u00a9fique pour les parents qui veulent agir d\u00c3\u00a8s les premiers sympt\u00c3\u00b4mes observ\u00c3\u00a9s chez leurs tout-petits.\" \/>\n<meta name=\"robots\" content=\"index, follow, max-snippet:-1, max-image-preview:large, max-video-preview:-1\" \/>\n<link rel=\"canonical\" href=\"https:\/\/www.marecettesante.com\/blog\/cours-sante-familiale-pour-bebes-et-enfants\/\" \/>\n<meta property=\"og:locale\" content=\"fr_FR\" \/>\n<meta property=\"og:type\" content=\"article\" \/>\n<meta property=\"og:title\" content=\"Cours - Sant\u00c3\u00a9 familiale pour b\u00c3\u00a9b\u00c3\u00a9s et enfants\" \/>\n<meta property=\"og:description\" content=\"La sant\u00c3\u00a9 familiale est une formation sp\u00c3\u00a9cifique pour les b\u00c3\u00a9b\u00c3\u00a9s et enfants. Elle est tr\u00c3\u00a8s b\u00c3\u00a9n\u00c3\u00a9fique pour les parents qui veulent agir d\u00c3\u00a8s les premiers sympt\u00c3\u00b4mes observ\u00c3\u00a9s chez leurs tout-petits.\" \/>\n<meta property=\"og:url\" content=\"https:\/\/www.marecettesante.com\/blog\/cours-sante-familiale-pour-bebes-et-enfants\/\" \/>\n<meta property=\"og:site_name\" content=\"Ma Recette Sant\u00e9\" \/>\n<meta property=\"article:published_time\" content=\"2013-03-03T04:34:09+00:00\" \/>\n<meta property=\"article:modified_time\" content=\"2013-10-08T19:48:53+00:00\" \/>\n<meta property=\"og:image\" content=\"https:\/\/www.marecettesante.com\/blog\/wp-content\/uploads\/2013\/03\/formation-pharmacie-familiale-marecettesante.jpg\" \/>\n\t<meta property=\"og:image:width\" content=\"600\" \/>\n\t<meta property=\"og:image:height\" content=\"480\" \/>\n\t<meta property=\"og:image:type\" content=\"image\/jpeg\" \/>\n<meta name=\"author\" content=\"Lise Lono\" \/>\n<meta name=\"twitter:label1\" content=\"\u00c9crit par\" \/>\n\t<meta name=\"twitter:data1\" content=\"Lise Lono\" \/>\n\t<meta name=\"twitter:label2\" content=\"Dur\u00e9e de lecture estim\u00e9e\" \/>\n\t<meta name=\"twitter:data2\" content=\"1 minute\" \/>\n<script type=\"application\/ld+json\" class=\"yoast-schema-graph\">{\"@context\":\"https:\/\/schema.org\",\"@graph\":[{\"@type\":\"WebPage\",\"@id\":\"https:\/\/www.marecettesante.com\/blog\/cours-sante-familiale-pour-bebes-et-enfants\/\",\"url\":\"https:\/\/www.marecettesante.com\/blog\/cours-sante-familiale-pour-bebes-et-enfants\/\",\"name\":\"Cours - Sant\u00c3\u00a9 familiale pour b\u00c3\u00a9b\u00c3\u00a9s et enfants\",\"isPartOf\":{\"@id\":\"https:\/\/www.marecettesante.com\/blog\/#website\"},\"primaryImageOfPage\":{\"@id\":\"https:\/\/www.marecettesante.com\/blog\/cours-sante-familiale-pour-bebes-et-enfants\/#primaryimage\"},\"image\":{\"@id\":\"https:\/\/www.marecettesante.com\/blog\/cours-sante-familiale-pour-bebes-et-enfants\/#primaryimage\"},\"thumbnailUrl\":\"https:\/\/www.marecettesante.com\/blog\/wp-content\/uploads\/2013\/03\/formation-pharmacie-familiale-marecettesante.jpg\",\"datePublished\":\"2013-03-03T04:34:09+00:00\",\"dateModified\":\"2013-10-08T19:48:53+00:00\",\"author\":{\"@id\":\"https:\/\/www.marecettesante.com\/blog\/#\/schema\/person\/06667da276dddb2993be2279d39678ed\"},\"description\":\"La sant\u00c3\u00a9 familiale est une formation sp\u00c3\u00a9cifique pour les b\u00c3\u00a9b\u00c3\u00a9s et enfants. Elle est tr\u00c3\u00a8s b\u00c3\u00a9n\u00c3\u00a9fique pour les parents qui veulent agir d\u00c3\u00a8s les premiers sympt\u00c3\u00b4mes observ\u00c3\u00a9s chez leurs tout-petits.\",\"breadcrumb\":{\"@id\":\"https:\/\/www.marecettesante.com\/blog\/cours-sante-familiale-pour-bebes-et-enfants\/#breadcrumb\"},\"inLanguage\":\"fr-FR\",\"potentialAction\":[{\"@type\":\"ReadAction\",\"target\":[\"https:\/\/www.marecettesante.com\/blog\/cours-sante-familiale-pour-bebes-et-enfants\/\"]}]},{\"@type\":\"ImageObject\",\"inLanguage\":\"fr-FR\",\"@id\":\"https:\/\/www.marecettesante.com\/blog\/cours-sante-familiale-pour-bebes-et-enfants\/#primaryimage\",\"url\":\"https:\/\/www.marecettesante.com\/blog\/wp-content\/uploads\/2013\/03\/formation-pharmacie-familiale-marecettesante.jpg\",\"contentUrl\":\"https:\/\/www.marecettesante.com\/blog\/wp-content\/uploads\/2013\/03\/formation-pharmacie-familiale-marecettesante.jpg\",\"width\":600,\"height\":480,\"caption\":\"Formation pharmacie familiale\"},{\"@type\":\"BreadcrumbList\",\"@id\":\"https:\/\/www.marecettesante.com\/blog\/cours-sante-familiale-pour-bebes-et-enfants\/#breadcrumb\",\"itemListElement\":[{\"@type\":\"ListItem\",\"position\":1,\"name\":\"Accueil\",\"item\":\"https:\/\/www.marecettesante.com\/blog\/\"},{\"@type\":\"ListItem\",\"position\":2,\"name\":\"Cours &#8211; Sant\u00c3\u00a9 familiale pour b\u00c3\u00a9b\u00c3\u00a9s et enfants\"}]},{\"@type\":\"WebSite\",\"@id\":\"https:\/\/www.marecettesante.com\/blog\/#website\",\"url\":\"https:\/\/www.marecettesante.com\/blog\/\",\"name\":\"Ma Recette Sant\u00e9\",\"description\":\"Pour un bien-\u00eatre au quotidien\",\"potentialAction\":[{\"@type\":\"SearchAction\",\"target\":{\"@type\":\"EntryPoint\",\"urlTemplate\":\"https:\/\/www.marecettesante.com\/blog\/?s={search_term_string}\"},\"query-input\":{\"@type\":\"PropertyValueSpecification\",\"valueRequired\":true,\"valueName\":\"search_term_string\"}}],\"inLanguage\":\"fr-FR\"},{\"@type\":\"Person\",\"@id\":\"https:\/\/www.marecettesante.com\/blog\/#\/schema\/person\/06667da276dddb2993be2279d39678ed\",\"name\":\"Lise Lono\",\"image\":{\"@type\":\"ImageObject\",\"inLanguage\":\"fr-FR\",\"@id\":\"https:\/\/www.marecettesante.com\/blog\/#\/schema\/person\/image\/\",\"url\":\"https:\/\/secure.gravatar.com\/avatar\/6e3113c050682db4a04c20c34ae83e539560226709370384a65594733800d88f?s=96&d=mm&r=g\",\"contentUrl\":\"https:\/\/secure.gravatar.com\/avatar\/6e3113c050682db4a04c20c34ae83e539560226709370384a65594733800d88f?s=96&d=mm&r=g\",\"caption\":\"Lise Lono\"},\"url\":\"https:\/\/www.marecettesante.com\/blog\/author\/lovegolf\/\"}]}<\/script>\n<!-- \/ Yoast SEO plugin. -->","yoast_head_json":{"title":"Cours - Sant\u00c3\u00a9 familiale pour b\u00c3\u00a9b\u00c3\u00a9s et enfants","description":"La sant\u00c3\u00a9 familiale est une formation sp\u00c3\u00a9cifique pour les b\u00c3\u00a9b\u00c3\u00a9s et enfants. Elle est tr\u00c3\u00a8s b\u00c3\u00a9n\u00c3\u00a9fique pour les parents qui veulent agir d\u00c3\u00a8s les premiers sympt\u00c3\u00b4mes observ\u00c3\u00a9s chez leurs tout-petits.","robots":{"index":"index","follow":"follow","max-snippet":"max-snippet:-1","max-image-preview":"max-image-preview:large","max-video-preview":"max-video-preview:-1"},"canonical":"https:\/\/www.marecettesante.com\/blog\/cours-sante-familiale-pour-bebes-et-enfants\/","og_locale":"fr_FR","og_type":"article","og_title":"Cours - Sant\u00c3\u00a9 familiale pour b\u00c3\u00a9b\u00c3\u00a9s et enfants","og_description":"La sant\u00c3\u00a9 familiale est une formation sp\u00c3\u00a9cifique pour les b\u00c3\u00a9b\u00c3\u00a9s et enfants. Elle est tr\u00c3\u00a8s b\u00c3\u00a9n\u00c3\u00a9fique pour les parents qui veulent agir d\u00c3\u00a8s les premiers sympt\u00c3\u00b4mes observ\u00c3\u00a9s chez leurs tout-petits.","og_url":"https:\/\/www.marecettesante.com\/blog\/cours-sante-familiale-pour-bebes-et-enfants\/","og_site_name":"Ma Recette Sant\u00e9","article_published_time":"2013-03-03T04:34:09+00:00","article_modified_time":"2013-10-08T19:48:53+00:00","og_image":[{"width":600,"height":480,"url":"https:\/\/www.marecettesante.com\/blog\/wp-content\/uploads\/2013\/03\/formation-pharmacie-familiale-marecettesante.jpg","type":"image\/jpeg"}],"author":"Lise Lono","twitter_misc":{"\u00c9crit par":"Lise Lono","Dur\u00e9e de lecture estim\u00e9e":"1 minute"},"schema":{"@context":"https:\/\/schema.org","@graph":[{"@type":"WebPage","@id":"https:\/\/www.marecettesante.com\/blog\/cours-sante-familiale-pour-bebes-et-enfants\/","url":"https:\/\/www.marecettesante.com\/blog\/cours-sante-familiale-pour-bebes-et-enfants\/","name":"Cours - Sant\u00c3\u00a9 familiale pour b\u00c3\u00a9b\u00c3\u00a9s et enfants","isPartOf":{"@id":"https:\/\/www.marecettesante.com\/blog\/#website"},"primaryImageOfPage":{"@id":"https:\/\/www.marecettesante.com\/blog\/cours-sante-familiale-pour-bebes-et-enfants\/#primaryimage"},"image":{"@id":"https:\/\/www.marecettesante.com\/blog\/cours-sante-familiale-pour-bebes-et-enfants\/#primaryimage"},"thumbnailUrl":"https:\/\/www.marecettesante.com\/blog\/wp-content\/uploads\/2013\/03\/formation-pharmacie-familiale-marecettesante.jpg","datePublished":"2013-03-03T04:34:09+00:00","dateModified":"2013-10-08T19:48:53+00:00","author":{"@id":"https:\/\/www.marecettesante.com\/blog\/#\/schema\/person\/06667da276dddb2993be2279d39678ed"},"description":"La sant\u00c3\u00a9 familiale est une formation sp\u00c3\u00a9cifique pour les b\u00c3\u00a9b\u00c3\u00a9s et enfants. Elle est tr\u00c3\u00a8s b\u00c3\u00a9n\u00c3\u00a9fique pour les parents qui veulent agir d\u00c3\u00a8s les premiers sympt\u00c3\u00b4mes observ\u00c3\u00a9s chez leurs tout-petits.","breadcrumb":{"@id":"https:\/\/www.marecettesante.com\/blog\/cours-sante-familiale-pour-bebes-et-enfants\/#breadcrumb"},"inLanguage":"fr-FR","potentialAction":[{"@type":"ReadAction","target":["https:\/\/www.marecettesante.com\/blog\/cours-sante-familiale-pour-bebes-et-enfants\/"]}]},{"@type":"ImageObject","inLanguage":"fr-FR","@id":"https:\/\/www.marecettesante.com\/blog\/cours-sante-familiale-pour-bebes-et-enfants\/#primaryimage","url":"https:\/\/www.marecettesante.com\/blog\/wp-content\/uploads\/2013\/03\/formation-pharmacie-familiale-marecettesante.jpg","contentUrl":"https:\/\/www.marecettesante.com\/blog\/wp-content\/uploads\/2013\/03\/formation-pharmacie-familiale-marecettesante.jpg","width":600,"height":480,"caption":"Formation pharmacie familiale"},{"@type":"BreadcrumbList","@id":"https:\/\/www.marecettesante.com\/blog\/cours-sante-familiale-pour-bebes-et-enfants\/#breadcrumb","itemListElement":[{"@type":"ListItem","position":1,"name":"Accueil","item":"https:\/\/www.marecettesante.com\/blog\/"},{"@type":"ListItem","position":2,"name":"Cours &#8211; Sant\u00c3\u00a9 familiale pour b\u00c3\u00a9b\u00c3\u00a9s et enfants"}]},{"@type":"WebSite","@id":"https:\/\/www.marecettesante.com\/blog\/#website","url":"https:\/\/www.marecettesante.com\/blog\/","name":"Ma Recette Sant\u00e9","description":"Pour un bien-\u00eatre au quotidien","potentialAction":[{"@type":"SearchAction","target":{"@type":"EntryPoint","urlTemplate":"https:\/\/www.marecettesante.com\/blog\/?s={search_term_string}"},"query-input":{"@type":"PropertyValueSpecification","valueRequired":true,"valueName":"search_term_string"}}],"inLanguage":"fr-FR"},{"@type":"Person","@id":"https:\/\/www.marecettesante.com\/blog\/#\/schema\/person\/06667da276dddb2993be2279d39678ed","name":"Lise Lono","image":{"@type":"ImageObject","inLanguage":"fr-FR","@id":"https:\/\/www.marecettesante.com\/blog\/#\/schema\/person\/image\/","url":"https:\/\/secure.gravatar.com\/avatar\/6e3113c050682db4a04c20c34ae83e539560226709370384a65594733800d88f?s=96&d=mm&r=g","contentUrl":"https:\/\/secure.gravatar.com\/avatar\/6e3113c050682db4a04c20c34ae83e539560226709370384a65594733800d88f?s=96&d=mm&r=g","caption":"Lise Lono"},"url":"https:\/\/www.marecettesante.com\/blog\/author\/lovegolf\/"}]}},"_links":{"self":[{"href":"https:\/\/www.marecettesante.com\/blog\/wp-json\/wp\/v2\/posts\/256","targetHints":{"allow":["GET"]}}],"collection":[{"href":"https:\/\/www.marecettesante.com\/blog\/wp-json\/wp\/v2\/posts"}],"about":[{"href":"https:\/\/www.marecettesante.com\/blog\/wp-json\/wp\/v2\/types\/post"}],"author":[{"embeddable":true,"href":"https:\/\/www.marecettesante.com\/blog\/wp-json\/wp\/v2\/users\/5"}],"replies":[{"embeddable":true,"href":"https:\/\/www.marecettesante.com\/blog\/wp-json\/wp\/v2\/comments?post=256"}],"version-history":[{"count":0,"href":"https:\/\/www.marecettesante.com\/blog\/wp-json\/wp\/v2\/posts\/256\/revisions"}],"wp:featuredmedia":[{"embeddable":true,"href":"https:\/\/www.marecettesante.com\/blog\/wp-json\/wp\/v2\/media\/277"}],"wp:attachment":[{"href":"https:\/\/www.marecettesante.com\/blog\/wp-json\/wp\/v2\/media?parent=256"}],"wp:term":[{"taxonomy":"category","embeddable":true,"href":"https:\/\/www.marecettesante.com\/blog\/wp-json\/wp\/v2\/categories?post=256"},{"taxonomy":"post_tag","embeddable":true,"href":"https:\/\/www.marecettesante.com\/blog\/wp-json\/wp\/v2\/tags?post=256"}],"curies":[{"name":"wp","href":"https:\/\/api.w.org\/{rel}","templated":true}]}}