{"id":211,"date":"2013-03-04T09:36:30","date_gmt":"2013-03-04T14:36:30","guid":{"rendered":"https:\/\/www.marecettesante.com\/?p=211"},"modified":"2013-03-04T22:38:45","modified_gmt":"2013-03-05T03:38:45","slug":"conferences-hiver-printemps-2013-detoxification-corps-allergies-vieillissement","status":"publish","type":"post","link":"https:\/\/www.marecettesante.com\/blog\/conferences-hiver-printemps-2013-detoxification-corps-allergies-vieillissement\/","title":{"rendered":"Conf\u00c3\u00a9rences hiver-printemps 2013 : D\u00c3\u00a9toxification du corps, pr\u00c3\u00a9venir les allergies et le vieillissement"},"content":{"rendered":"<p><img loading=\"lazy\" decoding=\"async\" class=\"aligncenter size-medium wp-image-213\" alt=\"Ma Recette Sant\u00c3\u00a9 - Conf\u00c3\u00a9rence printemps 2013 avec Isabelle Langlois : Allergies, d\u00c3\u00a9tox du corps, pr\u00c3\u00a9venir vieillissement\" src=\"https:\/\/www.marecettesante.com\/blog\/wp-content\/uploads\/2013\/02\/marecettesante-remise-en-forme-isabelle-langlois-allergies-580x326.jpg\" width=\"580\" height=\"326\" srcset=\"https:\/\/www.marecettesante.com\/blog\/wp-content\/uploads\/2013\/02\/marecettesante-remise-en-forme-isabelle-langlois-allergies-580x326.jpg 580w, https:\/\/www.marecettesante.com\/blog\/wp-content\/uploads\/2013\/02\/marecettesante-remise-en-forme-isabelle-langlois-allergies.jpg 800w\" sizes=\"auto, (max-width: 580px) 100vw, 580px\" \/><\/p>\n<h2><b>Nous vous pr\u00c3\u00a9sentons nos conf\u00c3\u00a9rences pour la saison hiver-printemps 2013<\/b><\/h2>\n<p><span style=\"color: #ff0000;\"><b>\u00e2\u20ac\u00a2 PR\u00c3\u2030VENIR LES ALLERGIES<\/b><\/span>: <b>Saviez-vous qu\u00e2\u20ac\u2122il est possible de faire de la pr\u00c3\u00a9vention ??\u00c2\u00a0 <\/b>Vous appr\u00c3\u00a9hendez le printemps et l\u00e2\u20ac\u2122\u00c3\u00a9t\u00c3\u00a9 avec le nez qui coule, les \u00c3\u00a9ternuements, les yeux qui piquent ? Venez comprendre pourquoi vous souffrez d\u00e2\u20ac\u2122allergies et comment y rem\u00c3\u00a9dier.<\/p>\n<p>Le <b>mardi 26 f\u00c3\u00a9vrier<\/b> de 19h00 \u00c3\u00a0 20h30\u00c2\u00a0 <span style=\"color: #ff00ff;\">ou<\/span>\u00c2\u00a0\u00c2\u00a0 Le <b>dimanche 10 mars<\/b> de 10h00 \u00c3\u00a0 11h30<\/p>\n<p>&nbsp;<\/p>\n<p><span style=\"color: #ff0000;\"><b>\u00e2\u20ac\u00a2 C\u00e2\u20ac\u2122EST LE TEMPS DU NETTOYAGE DU PRINTEMPS !!!<\/b><\/span><b><span style=\"color: #ff0000;\">:<\/span> <\/b><b>ce sera bient\u00c3\u00b4t le meilleur temps pour une d\u00c3\u00a9toxification du corps !!! <\/b>Vous avez des douleurs, de la cellulite, \u00c3\u00aates constip\u00c3\u00a9, fatigu\u00c3\u00a9, vous pr\u00c3\u00a9voyez devenir enceinte, vous n\u00e2\u20ac\u2122avez jamais fait de cure ? Venez conna\u00c3\u00aetre l\u00e2\u20ac\u2122importance des cures et des nettoyages pour notre corps et notre sant\u00c3\u00a9 !!<\/p>\n<p><b> <\/b>Le <b>mardi 26 mars<\/b> de 19h00 \u00c3\u00a0 20h30 <span style=\"color: #ff00ff;\">\u00c2\u00a0 ou<\/span>\u00c2\u00a0\u00c2\u00a0 Le <b>dimanche 7 avril<\/b> de 10h00 \u00c3\u00a0 11h30<\/p>\n<p>&nbsp;<\/p>\n<p><span style=\"color: #ff0000;\"><b>\u00e2\u20ac\u00a2 PR\u00c3\u2030VENIR LE VIEILLISSEMENT<\/b><b> <\/b><\/span><b><span style=\"color: #ff0000;\">:<\/span> <\/b>pour une belle peau saine et en sant\u00c3\u00a9. Vous avez la peau s\u00c3\u00a8che, des taches brunes, le teint terne ? Venez apprendre \u00c3\u00a0 conna\u00c3\u00aetre votre peau et comment la nourrir de l\u00e2\u20ac\u2122int\u00c3\u00a9rieur pour optimiser vos soins quotidiens. Et Chantale va nous enseigner des exercices de yoga sp\u00c3\u00a9cifique pour le bien-\u00c3\u00aatre de notre peau !<\/p>\n<p>Le <b>mardi 16 avril<\/b> de 19h00 \u00c3\u00a0 20h30\u00c2\u00a0\u00c2\u00a0\u00c2\u00a0 <span style=\"color: #ff00ff;\">ou<\/span>\u00c2\u00a0 \u00c2\u00a0 Le <b>dimanche 5 mai<\/b> de 10h00 \u00c3\u00a0 11h30<\/p>\n<p>En avant pour l\u00e2\u20ac\u2122\u00c3\u00a9quilibre et la sant\u00c3\u00a9 !<\/p>\n<p><b> <\/b><b>O\u00c3\u00b9<\/b> : <strong>Centre de Sant\u00c3\u00a9 Beaut\u00c3\u00a9 L\u00e2\u20ac\u2122\u00c3\u2030veil<\/strong> &#8211; 6741, rue Beaubien est \u00c3\u00a0 Montr\u00c3\u00a9al\u00c2\u00a0 (Stationnement disponible \u00c3\u00a0 l\u00e2\u20ac\u2122avant du centre)<\/p>\n<p><b>Co\u00c3\u00bbt<\/b> :\u00c2\u00a0\u00c2\u00a0 15$ par personne<\/p>\n<p><b>Conf\u00c3\u00a9renci\u00c3\u00a8res<\/b> :\u00c2\u00a0\u00c2\u00a0 <strong>Isabelle Langlois<\/strong>, N.D. (Membre de l\u00e2\u20ac\u2122association des Naturopathes Professionnels du Qu\u00c3\u00a9bec) et <strong>Chantale Lavigne<\/strong>, professeure de Yoga<\/p>\n<p>&nbsp;<\/p>\n<h2 style=\"text-align: center;\"><strong>S.V.P. r\u00c3\u00a9servez votre place<\/strong><\/h2>\n<h2 style=\"text-align: center;\"><strong> en appelant au 514-256-7087<\/strong><\/h2>\n<p>&nbsp;<\/p>\n","protected":false},"excerpt":{"rendered":"<p>Nous vous pr\u00c3\u00a9sentons nos conf\u00c3\u00a9rences pour la saison hiver-printemps 2013 \u00e2\u20ac\u00a2 PR\u00c3\u2030VENIR LES ALLERGIES: Saviez-vous qu\u00e2\u20ac\u2122il est possible de faire de la pr\u00c3\u00a9vention ??\u00c2\u00a0 Vous appr\u00c3\u00a9hendez le printemps et l\u00e2\u20ac\u2122\u00c3\u00a9t\u00c3\u00a9 avec le nez qui coule, les \u00c3\u00a9ternuements, les yeux qui piquent ? Venez comprendre pourquoi vous souffrez d\u00e2\u20ac\u2122allergies et comment y rem\u00c3\u00a9dier. Le mardi 26 [&hellip;]<\/p>\n","protected":false},"author":5,"featured_media":213,"comment_status":"open","ping_status":"open","sticky":false,"template":"","format":"standard","meta":{"_et_pb_use_builder":"","_et_pb_old_content":"","_et_gb_content_width":"","footnotes":""},"categories":[3,4],"tags":[512,521,523,511,497,245,515,520,496,513,517,516,199,495,518,519,503],"class_list":["post-211","post","type-post","status-publish","format-standard","has-post-thumbnail","hentry","category-evenements","category-la-presse-sante","tag-allergies","tag-cellulite","tag-centre-de-sante-beaute-leveil","tag-conferences","tag-constipation","tag-cure-de-nettoyage","tag-detoxification","tag-douleurs","tag-fatigue","tag-nettoyage","tag-peau-saine","tag-peau-seche","tag-remise-en-forme","tag-sante","tag-taches-brunes","tag-teint-terne","tag-vieillissement"],"yoast_head":"<!-- This site is optimized with the Yoast SEO plugin v26.5 - https:\/\/yoast.com\/wordpress\/plugins\/seo\/ -->\n<title>Conf\u00c3\u00a9rences printemps 2013 : Allergies, d\u00c3\u00a9tox du corps, vieillissement<\/title>\n<meta name=\"description\" content=\"Ma Recette Sant\u00c3\u00a9 - Conf\u00c3\u00a9rence printemps 2013 avec Isabelle Langlois : Allergies, d\u00c3\u00a9tox du corps, pr\u00c3\u00a9venir vieillissement, vie saine, aliments n\u00c3\u00a9fastes, malaises et maladies.\" \/>\n<meta name=\"robots\" content=\"index, follow, max-snippet:-1, max-image-preview:large, max-video-preview:-1\" \/>\n<link rel=\"canonical\" href=\"https:\/\/www.marecettesante.com\/blog\/conferences-hiver-printemps-2013-detoxification-corps-allergies-vieillissement\/\" \/>\n<meta property=\"og:locale\" content=\"fr_FR\" \/>\n<meta property=\"og:type\" content=\"article\" \/>\n<meta property=\"og:title\" content=\"Conf\u00c3\u00a9rences printemps 2013 : Allergies, d\u00c3\u00a9tox du corps, vieillissement\" \/>\n<meta property=\"og:description\" content=\"Ma Recette Sant\u00c3\u00a9 - Conf\u00c3\u00a9rence printemps 2013 avec Isabelle Langlois : Allergies, d\u00c3\u00a9tox du corps, pr\u00c3\u00a9venir vieillissement, vie saine, aliments n\u00c3\u00a9fastes, malaises et maladies.\" \/>\n<meta property=\"og:url\" content=\"https:\/\/www.marecettesante.com\/blog\/conferences-hiver-printemps-2013-detoxification-corps-allergies-vieillissement\/\" \/>\n<meta property=\"og:site_name\" content=\"Ma Recette Sant\u00e9\" \/>\n<meta property=\"article:published_time\" content=\"2013-03-04T14:36:30+00:00\" \/>\n<meta property=\"article:modified_time\" content=\"2013-03-05T03:38:45+00:00\" \/>\n<meta property=\"og:image\" content=\"https:\/\/www.marecettesante.com\/blog\/wp-content\/uploads\/2013\/02\/marecettesante-remise-en-forme-isabelle-langlois-allergies.jpg\" \/>\n\t<meta property=\"og:image:width\" content=\"800\" \/>\n\t<meta property=\"og:image:height\" content=\"450\" \/>\n\t<meta property=\"og:image:type\" content=\"image\/jpeg\" \/>\n<meta name=\"author\" content=\"Lise Lono\" \/>\n<meta name=\"twitter:label1\" content=\"\u00c9crit par\" \/>\n\t<meta name=\"twitter:data1\" content=\"Lise Lono\" \/>\n\t<meta name=\"twitter:label2\" content=\"Dur\u00e9e de lecture estim\u00e9e\" \/>\n\t<meta name=\"twitter:data2\" content=\"1 minute\" \/>\n<script type=\"application\/ld+json\" class=\"yoast-schema-graph\">{\"@context\":\"https:\/\/schema.org\",\"@graph\":[{\"@type\":\"WebPage\",\"@id\":\"https:\/\/www.marecettesante.com\/blog\/conferences-hiver-printemps-2013-detoxification-corps-allergies-vieillissement\/\",\"url\":\"https:\/\/www.marecettesante.com\/blog\/conferences-hiver-printemps-2013-detoxification-corps-allergies-vieillissement\/\",\"name\":\"Conf\u00c3\u00a9rences printemps 2013 : Allergies, d\u00c3\u00a9tox du corps, vieillissement\",\"isPartOf\":{\"@id\":\"https:\/\/www.marecettesante.com\/blog\/#website\"},\"primaryImageOfPage\":{\"@id\":\"https:\/\/www.marecettesante.com\/blog\/conferences-hiver-printemps-2013-detoxification-corps-allergies-vieillissement\/#primaryimage\"},\"image\":{\"@id\":\"https:\/\/www.marecettesante.com\/blog\/conferences-hiver-printemps-2013-detoxification-corps-allergies-vieillissement\/#primaryimage\"},\"thumbnailUrl\":\"https:\/\/www.marecettesante.com\/blog\/wp-content\/uploads\/2013\/02\/marecettesante-remise-en-forme-isabelle-langlois-allergies.jpg\",\"datePublished\":\"2013-03-04T14:36:30+00:00\",\"dateModified\":\"2013-03-05T03:38:45+00:00\",\"author\":{\"@id\":\"https:\/\/www.marecettesante.com\/blog\/#\/schema\/person\/06667da276dddb2993be2279d39678ed\"},\"description\":\"Ma Recette Sant\u00c3\u00a9 - Conf\u00c3\u00a9rence printemps 2013 avec Isabelle Langlois : Allergies, d\u00c3\u00a9tox du corps, pr\u00c3\u00a9venir vieillissement, vie saine, aliments n\u00c3\u00a9fastes, malaises et maladies.\",\"breadcrumb\":{\"@id\":\"https:\/\/www.marecettesante.com\/blog\/conferences-hiver-printemps-2013-detoxification-corps-allergies-vieillissement\/#breadcrumb\"},\"inLanguage\":\"fr-FR\",\"potentialAction\":[{\"@type\":\"ReadAction\",\"target\":[\"https:\/\/www.marecettesante.com\/blog\/conferences-hiver-printemps-2013-detoxification-corps-allergies-vieillissement\/\"]}]},{\"@type\":\"ImageObject\",\"inLanguage\":\"fr-FR\",\"@id\":\"https:\/\/www.marecettesante.com\/blog\/conferences-hiver-printemps-2013-detoxification-corps-allergies-vieillissement\/#primaryimage\",\"url\":\"https:\/\/www.marecettesante.com\/blog\/wp-content\/uploads\/2013\/02\/marecettesante-remise-en-forme-isabelle-langlois-allergies.jpg\",\"contentUrl\":\"https:\/\/www.marecettesante.com\/blog\/wp-content\/uploads\/2013\/02\/marecettesante-remise-en-forme-isabelle-langlois-allergies.jpg\",\"width\":800,\"height\":450},{\"@type\":\"BreadcrumbList\",\"@id\":\"https:\/\/www.marecettesante.com\/blog\/conferences-hiver-printemps-2013-detoxification-corps-allergies-vieillissement\/#breadcrumb\",\"itemListElement\":[{\"@type\":\"ListItem\",\"position\":1,\"name\":\"Accueil\",\"item\":\"https:\/\/www.marecettesante.com\/blog\/\"},{\"@type\":\"ListItem\",\"position\":2,\"name\":\"Conf\u00c3\u00a9rences hiver-printemps 2013 : D\u00c3\u00a9toxification du corps, pr\u00c3\u00a9venir les allergies et le vieillissement\"}]},{\"@type\":\"WebSite\",\"@id\":\"https:\/\/www.marecettesante.com\/blog\/#website\",\"url\":\"https:\/\/www.marecettesante.com\/blog\/\",\"name\":\"Ma Recette Sant\u00e9\",\"description\":\"Pour un bien-\u00eatre au quotidien\",\"potentialAction\":[{\"@type\":\"SearchAction\",\"target\":{\"@type\":\"EntryPoint\",\"urlTemplate\":\"https:\/\/www.marecettesante.com\/blog\/?s={search_term_string}\"},\"query-input\":{\"@type\":\"PropertyValueSpecification\",\"valueRequired\":true,\"valueName\":\"search_term_string\"}}],\"inLanguage\":\"fr-FR\"},{\"@type\":\"Person\",\"@id\":\"https:\/\/www.marecettesante.com\/blog\/#\/schema\/person\/06667da276dddb2993be2279d39678ed\",\"name\":\"Lise Lono\",\"image\":{\"@type\":\"ImageObject\",\"inLanguage\":\"fr-FR\",\"@id\":\"https:\/\/www.marecettesante.com\/blog\/#\/schema\/person\/image\/\",\"url\":\"https:\/\/secure.gravatar.com\/avatar\/6e3113c050682db4a04c20c34ae83e539560226709370384a65594733800d88f?s=96&d=mm&r=g\",\"contentUrl\":\"https:\/\/secure.gravatar.com\/avatar\/6e3113c050682db4a04c20c34ae83e539560226709370384a65594733800d88f?s=96&d=mm&r=g\",\"caption\":\"Lise Lono\"},\"url\":\"https:\/\/www.marecettesante.com\/blog\/author\/lovegolf\/\"}]}<\/script>\n<!-- \/ Yoast SEO plugin. -->","yoast_head_json":{"title":"Conf\u00c3\u00a9rences printemps 2013 : Allergies, d\u00c3\u00a9tox du corps, vieillissement","description":"Ma Recette Sant\u00c3\u00a9 - Conf\u00c3\u00a9rence printemps 2013 avec Isabelle Langlois : Allergies, d\u00c3\u00a9tox du corps, pr\u00c3\u00a9venir vieillissement, vie saine, aliments n\u00c3\u00a9fastes, malaises et maladies.","robots":{"index":"index","follow":"follow","max-snippet":"max-snippet:-1","max-image-preview":"max-image-preview:large","max-video-preview":"max-video-preview:-1"},"canonical":"https:\/\/www.marecettesante.com\/blog\/conferences-hiver-printemps-2013-detoxification-corps-allergies-vieillissement\/","og_locale":"fr_FR","og_type":"article","og_title":"Conf\u00c3\u00a9rences printemps 2013 : Allergies, d\u00c3\u00a9tox du corps, vieillissement","og_description":"Ma Recette Sant\u00c3\u00a9 - Conf\u00c3\u00a9rence printemps 2013 avec Isabelle Langlois : Allergies, d\u00c3\u00a9tox du corps, pr\u00c3\u00a9venir vieillissement, vie saine, aliments n\u00c3\u00a9fastes, malaises et maladies.","og_url":"https:\/\/www.marecettesante.com\/blog\/conferences-hiver-printemps-2013-detoxification-corps-allergies-vieillissement\/","og_site_name":"Ma Recette Sant\u00e9","article_published_time":"2013-03-04T14:36:30+00:00","article_modified_time":"2013-03-05T03:38:45+00:00","og_image":[{"width":800,"height":450,"url":"https:\/\/www.marecettesante.com\/blog\/wp-content\/uploads\/2013\/02\/marecettesante-remise-en-forme-isabelle-langlois-allergies.jpg","type":"image\/jpeg"}],"author":"Lise Lono","twitter_misc":{"\u00c9crit par":"Lise Lono","Dur\u00e9e de lecture estim\u00e9e":"1 minute"},"schema":{"@context":"https:\/\/schema.org","@graph":[{"@type":"WebPage","@id":"https:\/\/www.marecettesante.com\/blog\/conferences-hiver-printemps-2013-detoxification-corps-allergies-vieillissement\/","url":"https:\/\/www.marecettesante.com\/blog\/conferences-hiver-printemps-2013-detoxification-corps-allergies-vieillissement\/","name":"Conf\u00c3\u00a9rences printemps 2013 : Allergies, d\u00c3\u00a9tox du corps, vieillissement","isPartOf":{"@id":"https:\/\/www.marecettesante.com\/blog\/#website"},"primaryImageOfPage":{"@id":"https:\/\/www.marecettesante.com\/blog\/conferences-hiver-printemps-2013-detoxification-corps-allergies-vieillissement\/#primaryimage"},"image":{"@id":"https:\/\/www.marecettesante.com\/blog\/conferences-hiver-printemps-2013-detoxification-corps-allergies-vieillissement\/#primaryimage"},"thumbnailUrl":"https:\/\/www.marecettesante.com\/blog\/wp-content\/uploads\/2013\/02\/marecettesante-remise-en-forme-isabelle-langlois-allergies.jpg","datePublished":"2013-03-04T14:36:30+00:00","dateModified":"2013-03-05T03:38:45+00:00","author":{"@id":"https:\/\/www.marecettesante.com\/blog\/#\/schema\/person\/06667da276dddb2993be2279d39678ed"},"description":"Ma Recette Sant\u00c3\u00a9 - Conf\u00c3\u00a9rence printemps 2013 avec Isabelle Langlois : Allergies, d\u00c3\u00a9tox du corps, pr\u00c3\u00a9venir vieillissement, vie saine, aliments n\u00c3\u00a9fastes, malaises et maladies.","breadcrumb":{"@id":"https:\/\/www.marecettesante.com\/blog\/conferences-hiver-printemps-2013-detoxification-corps-allergies-vieillissement\/#breadcrumb"},"inLanguage":"fr-FR","potentialAction":[{"@type":"ReadAction","target":["https:\/\/www.marecettesante.com\/blog\/conferences-hiver-printemps-2013-detoxification-corps-allergies-vieillissement\/"]}]},{"@type":"ImageObject","inLanguage":"fr-FR","@id":"https:\/\/www.marecettesante.com\/blog\/conferences-hiver-printemps-2013-detoxification-corps-allergies-vieillissement\/#primaryimage","url":"https:\/\/www.marecettesante.com\/blog\/wp-content\/uploads\/2013\/02\/marecettesante-remise-en-forme-isabelle-langlois-allergies.jpg","contentUrl":"https:\/\/www.marecettesante.com\/blog\/wp-content\/uploads\/2013\/02\/marecettesante-remise-en-forme-isabelle-langlois-allergies.jpg","width":800,"height":450},{"@type":"BreadcrumbList","@id":"https:\/\/www.marecettesante.com\/blog\/conferences-hiver-printemps-2013-detoxification-corps-allergies-vieillissement\/#breadcrumb","itemListElement":[{"@type":"ListItem","position":1,"name":"Accueil","item":"https:\/\/www.marecettesante.com\/blog\/"},{"@type":"ListItem","position":2,"name":"Conf\u00c3\u00a9rences hiver-printemps 2013 : D\u00c3\u00a9toxification du corps, pr\u00c3\u00a9venir les allergies et le vieillissement"}]},{"@type":"WebSite","@id":"https:\/\/www.marecettesante.com\/blog\/#website","url":"https:\/\/www.marecettesante.com\/blog\/","name":"Ma Recette Sant\u00e9","description":"Pour un bien-\u00eatre au quotidien","potentialAction":[{"@type":"SearchAction","target":{"@type":"EntryPoint","urlTemplate":"https:\/\/www.marecettesante.com\/blog\/?s={search_term_string}"},"query-input":{"@type":"PropertyValueSpecification","valueRequired":true,"valueName":"search_term_string"}}],"inLanguage":"fr-FR"},{"@type":"Person","@id":"https:\/\/www.marecettesante.com\/blog\/#\/schema\/person\/06667da276dddb2993be2279d39678ed","name":"Lise Lono","image":{"@type":"ImageObject","inLanguage":"fr-FR","@id":"https:\/\/www.marecettesante.com\/blog\/#\/schema\/person\/image\/","url":"https:\/\/secure.gravatar.com\/avatar\/6e3113c050682db4a04c20c34ae83e539560226709370384a65594733800d88f?s=96&d=mm&r=g","contentUrl":"https:\/\/secure.gravatar.com\/avatar\/6e3113c050682db4a04c20c34ae83e539560226709370384a65594733800d88f?s=96&d=mm&r=g","caption":"Lise Lono"},"url":"https:\/\/www.marecettesante.com\/blog\/author\/lovegolf\/"}]}},"_links":{"self":[{"href":"https:\/\/www.marecettesante.com\/blog\/wp-json\/wp\/v2\/posts\/211","targetHints":{"allow":["GET"]}}],"collection":[{"href":"https:\/\/www.marecettesante.com\/blog\/wp-json\/wp\/v2\/posts"}],"about":[{"href":"https:\/\/www.marecettesante.com\/blog\/wp-json\/wp\/v2\/types\/post"}],"author":[{"embeddable":true,"href":"https:\/\/www.marecettesante.com\/blog\/wp-json\/wp\/v2\/users\/5"}],"replies":[{"embeddable":true,"href":"https:\/\/www.marecettesante.com\/blog\/wp-json\/wp\/v2\/comments?post=211"}],"version-history":[{"count":0,"href":"https:\/\/www.marecettesante.com\/blog\/wp-json\/wp\/v2\/posts\/211\/revisions"}],"wp:featuredmedia":[{"embeddable":true,"href":"https:\/\/www.marecettesante.com\/blog\/wp-json\/wp\/v2\/media\/213"}],"wp:attachment":[{"href":"https:\/\/www.marecettesante.com\/blog\/wp-json\/wp\/v2\/media?parent=211"}],"wp:term":[{"taxonomy":"category","embeddable":true,"href":"https:\/\/www.marecettesante.com\/blog\/wp-json\/wp\/v2\/categories?post=211"},{"taxonomy":"post_tag","embeddable":true,"href":"https:\/\/www.marecettesante.com\/blog\/wp-json\/wp\/v2\/tags?post=211"}],"curies":[{"name":"wp","href":"https:\/\/api.w.org\/{rel}","templated":true}]}}