{"id":146,"date":"2012-01-11T18:55:45","date_gmt":"2012-01-11T23:55:45","guid":{"rendered":"https:\/\/www.marecettesante.com\/?p=146"},"modified":"2012-01-25T19:59:51","modified_gmt":"2012-01-26T00:59:51","slug":"conference-lequilibre-du-poids","status":"publish","type":"post","link":"https:\/\/www.marecettesante.com\/blog\/conference-lequilibre-du-poids\/","title":{"rendered":"Conf\u00c3\u00a9rence L&rsquo;\u00c3\u2030quilibre du poids"},"content":{"rendered":"<p><img decoding=\"async\" class=\"aligncenter size-full wp-image-147\" title=\"Conf\u00c3\u00a9rence sur l'\u00c3\u00a9quilibre du poids par Isabelle Langlois - naturopathe\" src=\"https:\/\/www.marecettesante.com\/blog\/wp-content\/uploads\/2012\/01\/conference-equilibre-poids-isabelle-langlois.jpg\" alt=\"Conf\u00c3\u00a9rence sur l'\u00c3\u00a9quilibre du poids par Isabelle Langlois - naturopathe\" width=\"580\" srcset=\"https:\/\/www.marecettesante.com\/blog\/wp-content\/uploads\/2012\/01\/conference-equilibre-poids-isabelle-langlois.jpg 700w, https:\/\/www.marecettesante.com\/blog\/wp-content\/uploads\/2012\/01\/conference-equilibre-poids-isabelle-langlois-300x200.jpg 300w\" sizes=\"(max-width: 700px) 100vw, 700px\" \/><\/p>\n<p style=\"text-align: center;\"><strong>Fini les di\u00c3\u00a8tes yoyo, regardez la v\u00c3\u00a9rit\u00c3\u00a9 en face ! La perte de poids vient de l\u00e2\u20ac\u2122\u00c3\u00a9quilibre de votre organisme par de bonnes habitudes alimentaires, de vie et d\u00e2\u20ac\u2122exercices.<\/strong><\/p>\n<blockquote><p>\u00e2\u20ac\u00a2 Vous avez des <strong>fringales<\/strong><\/p>\n<p>\u00e2\u20ac\u00a2 Vous ne contr\u00c3\u00b4lez pas votre <strong>poids<\/strong><\/p>\n<p>\u00e2\u20ac\u00a2 Vous \u00c3\u00aates \u00c3\u00a9puis\u00c3\u00a9s des <strong>r\u00c3\u00a9gimes et des restrictions<\/strong><\/p>\n<p>\u00e2\u20ac\u00a2 Votre <strong>estime est en baisse<\/strong><\/p><\/blockquote>\n<p><strong>Ne vous laissez plus accabler par des r\u00c3\u00a9gimes et des livres superflues.<\/strong><\/p>\n<p>Venez apprendre comment maintenir votre poids et reconna\u00c3\u00aetre les causes du surplus de poids et en savoir davantage sur les types glandulaires.<\/p>\n<p>Perdez du poids tout en r\u00c3\u00a9\u00c3\u00a9quilibrant votre syst\u00c3\u00a8me glandulaire. Vous en ressortirez gagnant au niveau de votre \u00c3\u00a9nergie et de votre sant\u00c3\u00a9.<\/p>\n<p>&nbsp;<\/p>\n<p align=\"center\"><strong>Nous pouvons am\u00c3\u00a9liorer notre sant\u00c3\u00a9 facilement et naturellement<br \/>\net il n\u00e2\u20ac\u2122est jamais trop tard.<\/strong><\/p>\n<p><strong>\u00c2\u00a0<\/strong><\/p>\n<p align=\"center\"><strong>En avant pour la sant\u00c3\u00a9 et l\u00e2\u20ac\u2122\u00c3\u00a9quilibre\u00c2\u00a0!<\/strong><\/p>\n<p align=\"center\"><strong>\u00c2\u00a0<\/strong><\/p>\n<p><strong>Quand : Mardi 17 janvier 2012 \u00c3\u00a0 19h<\/strong><\/p>\n<p><strong>***<\/strong> D\u00c3\u00bb \u00c3\u00a0 la mauvaise temp\u00c3\u00a9rature de mardi dernier, nous ajoutons une nouvelle date : <strong>mercredi<\/strong>\u00c2\u00a0<strong>8 f\u00c3\u00a9vrier 2012 \u00c3\u00a0 19h ***<\/strong><\/p>\n<p><strong>O\u00c3\u00b9<\/strong>\u00c2\u00a0: Centre Permosens, 1778 boul. des Laurentides, Laval (Vimont)<\/p>\n<p><strong>Co\u00c3\u00bbt<\/strong>\u00c2\u00a0: 20$ par personne<\/p>\n<p><strong>Conf\u00c3\u00a9renci\u00c3\u00a8re<\/strong>\u00c2\u00a0: Isabelle Langlois N.D.(membre de l\u00e2\u20ac\u2122association des<\/p>\n<p>Naturopathes Professionnels du Qu\u00c3\u00a9bec)<\/p>\n<p><strong>R\u00c3\u00a9servation<\/strong>\u00c2\u00a0: 450-933-6360, <a href=\"mailto:permosens@hotmail.com\">permosens@hotmail.com<\/a><\/p>\n<p><a href=\"http:\/\/www.permosens.com\">www.permosens.com<\/a><\/p>\n<div style=\"margin-top: 15px; text-align: center;\"><script type=\"text\/javascript\">\/\/ <![CDATA[\ngoogle_ad_client = \"ca-pub-5174068817081369\";\n\/* home top *\/\ngoogle_ad_slot = \"0957084905\";\ngoogle_ad_width = 468;\ngoogle_ad_height = 15;\n\/\/ ]]><\/script><br \/>\n<script type=\"text\/javascript\" src=\"http:\/\/pagead2.googlesyndication.com\/pagead\/show_ads.js\">\/\/ <![CDATA[\n\n\n\/\/ ]]><\/script><\/div>\n","protected":false},"excerpt":{"rendered":"<p>Fini les di\u00c3\u00a8tes yoyo, regardez la v\u00c3\u00a9rit\u00c3\u00a9 en face ! La perte de poids vient de l\u00e2\u20ac\u2122\u00c3\u00a9quilibre de votre organisme par de bonnes habitudes alimentaires, de vie et d\u00e2\u20ac\u2122exercices. \u00e2\u20ac\u00a2 Vous avez des fringales \u00e2\u20ac\u00a2 Vous ne contr\u00c3\u00b4lez pas votre poids \u00e2\u20ac\u00a2 Vous \u00c3\u00aates \u00c3\u00a9puis\u00c3\u00a9s des r\u00c3\u00a9gimes et des restrictions \u00e2\u20ac\u00a2 Votre estime est en [&hellip;]<\/p>\n","protected":false},"author":2,"featured_media":147,"comment_status":"open","ping_status":"open","sticky":false,"template":"","format":"standard","meta":{"_et_pb_use_builder":"","_et_pb_old_content":"","_et_gb_content_width":"","footnotes":""},"categories":[3,4],"tags":[204,209,206,205,175,207,208],"class_list":["post-146","post","type-post","status-publish","format-standard","has-post-thumbnail","hentry","category-evenements","category-la-presse-sante","tag-conference","tag-estime-de-soi","tag-fringales","tag-naturopathie","tag-prise-ou-perte-de-poids","tag-regimes","tag-restrictions"],"yoast_head":"<!-- This site is optimized with the Yoast SEO plugin v26.5 - https:\/\/yoast.com\/wordpress\/plugins\/seo\/ -->\n<title>Conf\u00c3\u00a9rence L&#039;\u00c3\u2030quilibre du poids - Isabelle Langlois - naturopathie<\/title>\n<meta name=\"description\" content=\"Retrouvez sant\u00c3\u00a9 et \u00c3\u00a9quilibre par de bonnes habitudes alimentaires, de vie et d\u00e2\u20ac\u2122exercices avec Isabelle Langlois - naturopathe. Fini les fringales, r\u00c3\u00a9gimes, restrictions et estime en baisse.\" \/>\n<meta name=\"robots\" content=\"index, follow, max-snippet:-1, max-image-preview:large, max-video-preview:-1\" \/>\n<link rel=\"canonical\" href=\"https:\/\/www.marecettesante.com\/blog\/conference-lequilibre-du-poids\/\" \/>\n<meta property=\"og:locale\" content=\"fr_FR\" \/>\n<meta property=\"og:type\" content=\"article\" \/>\n<meta property=\"og:title\" content=\"Conf\u00c3\u00a9rence L&#039;\u00c3\u2030quilibre du poids - Isabelle Langlois - naturopathie\" \/>\n<meta property=\"og:description\" content=\"Retrouvez sant\u00c3\u00a9 et \u00c3\u00a9quilibre par de bonnes habitudes alimentaires, de vie et d\u00e2\u20ac\u2122exercices avec Isabelle Langlois - naturopathe. Fini les fringales, r\u00c3\u00a9gimes, restrictions et estime en baisse.\" \/>\n<meta property=\"og:url\" content=\"https:\/\/www.marecettesante.com\/blog\/conference-lequilibre-du-poids\/\" \/>\n<meta property=\"og:site_name\" content=\"Ma Recette Sant\u00e9\" \/>\n<meta property=\"article:published_time\" content=\"2012-01-11T23:55:45+00:00\" \/>\n<meta property=\"article:modified_time\" content=\"2012-01-26T00:59:51+00:00\" \/>\n<meta property=\"og:image\" content=\"https:\/\/www.marecettesante.com\/blog\/wp-content\/uploads\/2012\/01\/conference-equilibre-poids-isabelle-langlois.jpg\" \/>\n\t<meta property=\"og:image:width\" content=\"700\" \/>\n\t<meta property=\"og:image:height\" content=\"467\" \/>\n\t<meta property=\"og:image:type\" content=\"image\/jpeg\" \/>\n<meta name=\"author\" content=\"Isabelle\" \/>\n<meta name=\"twitter:label1\" content=\"\u00c9crit par\" \/>\n\t<meta name=\"twitter:data1\" content=\"Isabelle\" \/>\n\t<meta name=\"twitter:label2\" content=\"Dur\u00e9e de lecture estim\u00e9e\" \/>\n\t<meta name=\"twitter:data2\" content=\"1 minute\" \/>\n<script type=\"application\/ld+json\" class=\"yoast-schema-graph\">{\"@context\":\"https:\/\/schema.org\",\"@graph\":[{\"@type\":\"WebPage\",\"@id\":\"https:\/\/www.marecettesante.com\/blog\/conference-lequilibre-du-poids\/\",\"url\":\"https:\/\/www.marecettesante.com\/blog\/conference-lequilibre-du-poids\/\",\"name\":\"Conf\u00c3\u00a9rence L'\u00c3\u2030quilibre du poids - Isabelle Langlois - naturopathie\",\"isPartOf\":{\"@id\":\"https:\/\/www.marecettesante.com\/blog\/#website\"},\"primaryImageOfPage\":{\"@id\":\"https:\/\/www.marecettesante.com\/blog\/conference-lequilibre-du-poids\/#primaryimage\"},\"image\":{\"@id\":\"https:\/\/www.marecettesante.com\/blog\/conference-lequilibre-du-poids\/#primaryimage\"},\"thumbnailUrl\":\"https:\/\/www.marecettesante.com\/blog\/wp-content\/uploads\/2012\/01\/conference-equilibre-poids-isabelle-langlois.jpg\",\"datePublished\":\"2012-01-11T23:55:45+00:00\",\"dateModified\":\"2012-01-26T00:59:51+00:00\",\"author\":{\"@id\":\"https:\/\/www.marecettesante.com\/blog\/#\/schema\/person\/7784242f2c07e467f28903be45938a55\"},\"description\":\"Retrouvez sant\u00c3\u00a9 et \u00c3\u00a9quilibre par de bonnes habitudes alimentaires, de vie et d\u00e2\u20ac\u2122exercices avec Isabelle Langlois - naturopathe. Fini les fringales, r\u00c3\u00a9gimes, restrictions et estime en baisse.\",\"breadcrumb\":{\"@id\":\"https:\/\/www.marecettesante.com\/blog\/conference-lequilibre-du-poids\/#breadcrumb\"},\"inLanguage\":\"fr-FR\",\"potentialAction\":[{\"@type\":\"ReadAction\",\"target\":[\"https:\/\/www.marecettesante.com\/blog\/conference-lequilibre-du-poids\/\"]}]},{\"@type\":\"ImageObject\",\"inLanguage\":\"fr-FR\",\"@id\":\"https:\/\/www.marecettesante.com\/blog\/conference-lequilibre-du-poids\/#primaryimage\",\"url\":\"https:\/\/www.marecettesante.com\/blog\/wp-content\/uploads\/2012\/01\/conference-equilibre-poids-isabelle-langlois.jpg\",\"contentUrl\":\"https:\/\/www.marecettesante.com\/blog\/wp-content\/uploads\/2012\/01\/conference-equilibre-poids-isabelle-langlois.jpg\",\"width\":\"700\",\"height\":\"467\",\"caption\":\"Conf\u00c3\u00a9rence par Isabelle Langlois - naturopathe\"},{\"@type\":\"BreadcrumbList\",\"@id\":\"https:\/\/www.marecettesante.com\/blog\/conference-lequilibre-du-poids\/#breadcrumb\",\"itemListElement\":[{\"@type\":\"ListItem\",\"position\":1,\"name\":\"Accueil\",\"item\":\"https:\/\/www.marecettesante.com\/blog\/\"},{\"@type\":\"ListItem\",\"position\":2,\"name\":\"Conf\u00c3\u00a9rence L&rsquo;\u00c3\u2030quilibre du poids\"}]},{\"@type\":\"WebSite\",\"@id\":\"https:\/\/www.marecettesante.com\/blog\/#website\",\"url\":\"https:\/\/www.marecettesante.com\/blog\/\",\"name\":\"Ma Recette Sant\u00e9\",\"description\":\"Pour un bien-\u00eatre au quotidien\",\"potentialAction\":[{\"@type\":\"SearchAction\",\"target\":{\"@type\":\"EntryPoint\",\"urlTemplate\":\"https:\/\/www.marecettesante.com\/blog\/?s={search_term_string}\"},\"query-input\":{\"@type\":\"PropertyValueSpecification\",\"valueRequired\":true,\"valueName\":\"search_term_string\"}}],\"inLanguage\":\"fr-FR\"},{\"@type\":\"Person\",\"@id\":\"https:\/\/www.marecettesante.com\/blog\/#\/schema\/person\/7784242f2c07e467f28903be45938a55\",\"name\":\"Isabelle\",\"image\":{\"@type\":\"ImageObject\",\"inLanguage\":\"fr-FR\",\"@id\":\"https:\/\/www.marecettesante.com\/blog\/#\/schema\/person\/image\/\",\"url\":\"https:\/\/secure.gravatar.com\/avatar\/2c6fbbeafcdc7f7a3c17cfd5aa10f55e8e4309a786f13b252b3e03c06efa84b0?s=96&d=mm&r=g\",\"contentUrl\":\"https:\/\/secure.gravatar.com\/avatar\/2c6fbbeafcdc7f7a3c17cfd5aa10f55e8e4309a786f13b252b3e03c06efa84b0?s=96&d=mm&r=g\",\"caption\":\"Isabelle\"},\"description\":\"Infirmi\u00c3\u00a8re, Naturopathe, Herboriste et formatrice\/conf\u00c3\u00a9renci\u00c3\u00a8re. &gt;&gt;&gt; isabelle@marecettesante.com - 514-466-9637\",\"url\":\"https:\/\/www.marecettesante.com\/blog\/author\/isabelle\/\"}]}<\/script>\n<!-- \/ Yoast SEO plugin. -->","yoast_head_json":{"title":"Conf\u00c3\u00a9rence L'\u00c3\u2030quilibre du poids - Isabelle Langlois - naturopathie","description":"Retrouvez sant\u00c3\u00a9 et \u00c3\u00a9quilibre par de bonnes habitudes alimentaires, de vie et d\u00e2\u20ac\u2122exercices avec Isabelle Langlois - naturopathe. Fini les fringales, r\u00c3\u00a9gimes, restrictions et estime en baisse.","robots":{"index":"index","follow":"follow","max-snippet":"max-snippet:-1","max-image-preview":"max-image-preview:large","max-video-preview":"max-video-preview:-1"},"canonical":"https:\/\/www.marecettesante.com\/blog\/conference-lequilibre-du-poids\/","og_locale":"fr_FR","og_type":"article","og_title":"Conf\u00c3\u00a9rence L'\u00c3\u2030quilibre du poids - Isabelle Langlois - naturopathie","og_description":"Retrouvez sant\u00c3\u00a9 et \u00c3\u00a9quilibre par de bonnes habitudes alimentaires, de vie et d\u00e2\u20ac\u2122exercices avec Isabelle Langlois - naturopathe. Fini les fringales, r\u00c3\u00a9gimes, restrictions et estime en baisse.","og_url":"https:\/\/www.marecettesante.com\/blog\/conference-lequilibre-du-poids\/","og_site_name":"Ma Recette Sant\u00e9","article_published_time":"2012-01-11T23:55:45+00:00","article_modified_time":"2012-01-26T00:59:51+00:00","og_image":[{"width":700,"height":467,"url":"https:\/\/www.marecettesante.com\/blog\/wp-content\/uploads\/2012\/01\/conference-equilibre-poids-isabelle-langlois.jpg","type":"image\/jpeg"}],"author":"Isabelle","twitter_misc":{"\u00c9crit par":"Isabelle","Dur\u00e9e de lecture estim\u00e9e":"1 minute"},"schema":{"@context":"https:\/\/schema.org","@graph":[{"@type":"WebPage","@id":"https:\/\/www.marecettesante.com\/blog\/conference-lequilibre-du-poids\/","url":"https:\/\/www.marecettesante.com\/blog\/conference-lequilibre-du-poids\/","name":"Conf\u00c3\u00a9rence L'\u00c3\u2030quilibre du poids - Isabelle Langlois - naturopathie","isPartOf":{"@id":"https:\/\/www.marecettesante.com\/blog\/#website"},"primaryImageOfPage":{"@id":"https:\/\/www.marecettesante.com\/blog\/conference-lequilibre-du-poids\/#primaryimage"},"image":{"@id":"https:\/\/www.marecettesante.com\/blog\/conference-lequilibre-du-poids\/#primaryimage"},"thumbnailUrl":"https:\/\/www.marecettesante.com\/blog\/wp-content\/uploads\/2012\/01\/conference-equilibre-poids-isabelle-langlois.jpg","datePublished":"2012-01-11T23:55:45+00:00","dateModified":"2012-01-26T00:59:51+00:00","author":{"@id":"https:\/\/www.marecettesante.com\/blog\/#\/schema\/person\/7784242f2c07e467f28903be45938a55"},"description":"Retrouvez sant\u00c3\u00a9 et \u00c3\u00a9quilibre par de bonnes habitudes alimentaires, de vie et d\u00e2\u20ac\u2122exercices avec Isabelle Langlois - naturopathe. Fini les fringales, r\u00c3\u00a9gimes, restrictions et estime en baisse.","breadcrumb":{"@id":"https:\/\/www.marecettesante.com\/blog\/conference-lequilibre-du-poids\/#breadcrumb"},"inLanguage":"fr-FR","potentialAction":[{"@type":"ReadAction","target":["https:\/\/www.marecettesante.com\/blog\/conference-lequilibre-du-poids\/"]}]},{"@type":"ImageObject","inLanguage":"fr-FR","@id":"https:\/\/www.marecettesante.com\/blog\/conference-lequilibre-du-poids\/#primaryimage","url":"https:\/\/www.marecettesante.com\/blog\/wp-content\/uploads\/2012\/01\/conference-equilibre-poids-isabelle-langlois.jpg","contentUrl":"https:\/\/www.marecettesante.com\/blog\/wp-content\/uploads\/2012\/01\/conference-equilibre-poids-isabelle-langlois.jpg","width":"700","height":"467","caption":"Conf\u00c3\u00a9rence par Isabelle Langlois - naturopathe"},{"@type":"BreadcrumbList","@id":"https:\/\/www.marecettesante.com\/blog\/conference-lequilibre-du-poids\/#breadcrumb","itemListElement":[{"@type":"ListItem","position":1,"name":"Accueil","item":"https:\/\/www.marecettesante.com\/blog\/"},{"@type":"ListItem","position":2,"name":"Conf\u00c3\u00a9rence L&rsquo;\u00c3\u2030quilibre du poids"}]},{"@type":"WebSite","@id":"https:\/\/www.marecettesante.com\/blog\/#website","url":"https:\/\/www.marecettesante.com\/blog\/","name":"Ma Recette Sant\u00e9","description":"Pour un bien-\u00eatre au quotidien","potentialAction":[{"@type":"SearchAction","target":{"@type":"EntryPoint","urlTemplate":"https:\/\/www.marecettesante.com\/blog\/?s={search_term_string}"},"query-input":{"@type":"PropertyValueSpecification","valueRequired":true,"valueName":"search_term_string"}}],"inLanguage":"fr-FR"},{"@type":"Person","@id":"https:\/\/www.marecettesante.com\/blog\/#\/schema\/person\/7784242f2c07e467f28903be45938a55","name":"Isabelle","image":{"@type":"ImageObject","inLanguage":"fr-FR","@id":"https:\/\/www.marecettesante.com\/blog\/#\/schema\/person\/image\/","url":"https:\/\/secure.gravatar.com\/avatar\/2c6fbbeafcdc7f7a3c17cfd5aa10f55e8e4309a786f13b252b3e03c06efa84b0?s=96&d=mm&r=g","contentUrl":"https:\/\/secure.gravatar.com\/avatar\/2c6fbbeafcdc7f7a3c17cfd5aa10f55e8e4309a786f13b252b3e03c06efa84b0?s=96&d=mm&r=g","caption":"Isabelle"},"description":"Infirmi\u00c3\u00a8re, Naturopathe, Herboriste et formatrice\/conf\u00c3\u00a9renci\u00c3\u00a8re. &gt;&gt;&gt; isabelle@marecettesante.com - 514-466-9637","url":"https:\/\/www.marecettesante.com\/blog\/author\/isabelle\/"}]}},"_links":{"self":[{"href":"https:\/\/www.marecettesante.com\/blog\/wp-json\/wp\/v2\/posts\/146","targetHints":{"allow":["GET"]}}],"collection":[{"href":"https:\/\/www.marecettesante.com\/blog\/wp-json\/wp\/v2\/posts"}],"about":[{"href":"https:\/\/www.marecettesante.com\/blog\/wp-json\/wp\/v2\/types\/post"}],"author":[{"embeddable":true,"href":"https:\/\/www.marecettesante.com\/blog\/wp-json\/wp\/v2\/users\/2"}],"replies":[{"embeddable":true,"href":"https:\/\/www.marecettesante.com\/blog\/wp-json\/wp\/v2\/comments?post=146"}],"version-history":[{"count":0,"href":"https:\/\/www.marecettesante.com\/blog\/wp-json\/wp\/v2\/posts\/146\/revisions"}],"wp:featuredmedia":[{"embeddable":true,"href":"https:\/\/www.marecettesante.com\/blog\/wp-json\/wp\/v2\/media\/147"}],"wp:attachment":[{"href":"https:\/\/www.marecettesante.com\/blog\/wp-json\/wp\/v2\/media?parent=146"}],"wp:term":[{"taxonomy":"category","embeddable":true,"href":"https:\/\/www.marecettesante.com\/blog\/wp-json\/wp\/v2\/categories?post=146"},{"taxonomy":"post_tag","embeddable":true,"href":"https:\/\/www.marecettesante.com\/blog\/wp-json\/wp\/v2\/tags?post=146"}],"curies":[{"name":"wp","href":"https:\/\/api.w.org\/{rel}","templated":true}]}}